{"id":14337,"date":"2024-04-25T11:54:45","date_gmt":"2024-04-25T14:54:45","guid":{"rendered":"https:\/\/www.visionweb.com.ar\/?p=14337"},"modified":"2024-04-25T11:54:45","modified_gmt":"2024-04-25T14:54:45","slug":"lomas-de-zamora-lanza-un-certamen-para-escritores-e-investigadores","status":"publish","type":"post","link":"https:\/\/www.visionweb.com.ar\/?p=14337","title":{"rendered":"Lomas de Zamora lanza un certamen para escritores e investigadores"},"content":{"rendered":"<p><em><strong>Bajo el lema \u00abLiteratura en la Comunidad\u00bb, y con el objetivo de crear publicaciones acerca de Lomas de Zamora, la Secretar\u00eda de Cultura del municipio convoca a escritores e investigadores a un certamen. Los textos elegidos formar\u00e1n parte de un\u00a0libro.<\/strong><\/em><!--more--><\/p>\n<p><strong> <img loading=\"lazy\" decoding=\"async\" class=\"size-medium wp-image-14338 alignright\" src=\"https:\/\/www.visionweb.com.ar\/wp-content\/uploads\/2024\/04\/concurso-literario-lomas-289x300.png\" alt=\"\" width=\"289\" height=\"300\" srcset=\"https:\/\/www.visionweb.com.ar\/wp-content\/uploads\/2024\/04\/concurso-literario-lomas-289x300.png 289w, https:\/\/www.visionweb.com.ar\/wp-content\/uploads\/2024\/04\/concurso-literario-lomas.png 435w\" sizes=\"auto, (max-width: 289px) 100vw, 289px\" \/>\u00a0\u00a0\u00a0\u00a0 E<\/strong>l\u00a0<strong>Municipio de Lomas de Zamora\u00a0<\/strong>lanz\u00f3 un certamen destinado a<strong> escritores, investigadores de temas sociales, geogr\u00e1ficos, pol\u00edticos e hist\u00f3ricos <\/strong>para la creaci\u00f3n de<strong> producciones acerca del partido bonaerense<\/strong>.<\/p>\n<p>Bajo el lema<strong><em>\u00a0Literatura en la Comunidad<\/em><\/strong>, la<strong>\u00a0Secretar\u00eda de Cultura de Lomas de Zamora<\/strong>\u00a0comparti\u00f3 a trav\u00e9s de sus redes sociales una convocatoria para los amantes de la escritura y la investigaci\u00f3n.<\/p>\n<p>Hay que residir en el partido de Lomas de Zamora. Hay tiempo para presentar publicaciones hasta el jueves 15 de agosto.<\/p>\n<p>Los destinatarios son<strong>\u00a0investigadores de temas sociales, geogr\u00e1ficos, pol\u00edticos e hist\u00f3ricos\u00a0<\/strong>y\u00a0<strong>escritores de ficci\u00f3n: narrativa (cuentos o novelas) y poes\u00eda con trabajos ambientados en las localidades del partido de Lomas de Zamora<\/strong>.<\/p>\n<p><strong>Los textos elegidos formar\u00e1n parte de un\u00a0libro <\/strong>que ser\u00e1 del fondo de la\u00a0<strong>Biblioteca Catalina Rodr\u00edguez<\/strong>\u00a0y de las\u00a0<strong>bibliotecas populares del partido<\/strong>, detallaron desde la convocatoria. Adem\u00e1s, se repartir\u00e1n ejemplares entre los autores, inform\u00f3 el municipio.<\/p>\n<p><strong>Los requisitos para participar de la convocatoria:<\/strong><\/p>\n<p>Ser mayor de 18 a\u00f1os y vivir en el partido de Lomas de Zamora.<\/p>\n<p>Las <strong>obras deber\u00e1n ser in\u00e9ditas<\/strong>, es decir que no deber\u00e1n haberse presentado en ning\u00fan sitio antes.<\/p>\n<p><strong>\u00bfC\u00f3mo participar del certamen de escritura de Lomas de Zamora?<\/strong><\/p>\n<p>Se pueden enviar los trabajos al siguiente correo:\u00a0<a href=\"mailto:literaturaenlacomunidad@gmail.com\">literaturaenlacomunidad@gmail.com<\/a><\/p>\n<p>Tambi\u00e9n en forma presencial de lunes a viernes de 9:00 a 15:00hs, al\u00a0<a href=\"https:\/\/www.instagram.com\/museoamericanistamlz\">Museo Americanista del Municipio de Lomas de Zamora<\/a>, ubicado en Manuel Castro 254.<\/p>\n<p>Las obras seleccionadas ser\u00e1n notificadas a partir del mes de septiembre.<\/p>\n<p>Cabe mencionar que este mes, tambi\u00e9n, se present\u00f3<em>\u00a0La literatura en tiempos dif\u00edciles<\/em>\u00a0en el ciclo Literatura en la comunidad. Un encuentro destinado a conocer c\u00f3mo escribir en contextos dif\u00edciles, fue con la participaci\u00f3n de Patricia Rondinelli, Mauro Zamijovsky, Alejandro Santoni y Jorge Rampinini. <strong>(VW)<\/strong><\/p>\n","protected":false},"excerpt":{"rendered":"<p>Bajo el lema \u00abLiteratura en la Comunidad\u00bb, y con el objetivo de crear publicaciones acerca de Lomas de Zamora, la Secretar\u00eda de Cultura del municipio convoca a escritores e investigadores a un certamen. Los&#46;&#46;&#46;<\/p>\n","protected":false},"author":4,"featured_media":14338,"comment_status":"closed","ping_status":"closed","sticky":false,"template":"","format":"standard","meta":{"_monsterinsights_skip_tracking":false,"_monsterinsights_sitenote_active":false,"_monsterinsights_sitenote_note":"","_monsterinsights_sitenote_category":0,"footnotes":""},"categories":[8],"tags":[5984,5985,318],"class_list":["post-14337","post","type-post","status-publish","format-standard","has-post-thumbnail","hentry","category-interes-general","tag-certamen-literario","tag-literatura-en-la-comunidad","tag-lomas-de-zamora"],"_links":{"self":[{"href":"https:\/\/www.visionweb.com.ar\/index.php?rest_route=\/wp\/v2\/posts\/14337","targetHints":{"allow":["GET"]}}],"collection":[{"href":"https:\/\/www.visionweb.com.ar\/index.php?rest_route=\/wp\/v2\/posts"}],"about":[{"href":"https:\/\/www.visionweb.com.ar\/index.php?rest_route=\/wp\/v2\/types\/post"}],"author":[{"embeddable":true,"href":"https:\/\/www.visionweb.com.ar\/index.php?rest_route=\/wp\/v2\/users\/4"}],"replies":[{"embeddable":true,"href":"https:\/\/www.visionweb.com.ar\/index.php?rest_route=%2Fwp%2Fv2%2Fcomments&post=14337"}],"version-history":[{"count":1,"href":"https:\/\/www.visionweb.com.ar\/index.php?rest_route=\/wp\/v2\/posts\/14337\/revisions"}],"predecessor-version":[{"id":14339,"href":"https:\/\/www.visionweb.com.ar\/index.php?rest_route=\/wp\/v2\/posts\/14337\/revisions\/14339"}],"wp:featuredmedia":[{"embeddable":true,"href":"https:\/\/www.visionweb.com.ar\/index.php?rest_route=\/wp\/v2\/media\/14338"}],"wp:attachment":[{"href":"https:\/\/www.visionweb.com.ar\/index.php?rest_route=%2Fwp%2Fv2%2Fmedia&parent=14337"}],"wp:term":[{"taxonomy":"category","embeddable":true,"href":"https:\/\/www.visionweb.com.ar\/index.php?rest_route=%2Fwp%2Fv2%2Fcategories&post=14337"},{"taxonomy":"post_tag","embeddable":true,"href":"https:\/\/www.visionweb.com.ar\/index.php?rest_route=%2Fwp%2Fv2%2Ftags&post=14337"}],"curies":[{"name":"wp","href":"https:\/\/api.w.org\/{rel}","templated":true}]}}