{"id":14323,"date":"2024-04-24T09:40:20","date_gmt":"2024-04-24T12:40:20","guid":{"rendered":"https:\/\/www.visionweb.com.ar\/?p=14323"},"modified":"2024-04-24T09:40:20","modified_gmt":"2024-04-24T12:40:20","slug":"las-universidades-publicas-reciben-el-presupuesto-mas-bajo-en-casi-30-anos","status":"publish","type":"post","link":"https:\/\/www.visionweb.com.ar\/?p=14323","title":{"rendered":"Las universidades p\u00fablicas reciben el presupuesto m\u00e1s bajo en casi 30 a\u00f1os"},"content":{"rendered":"<p><em><strong>As\u00ed revel\u00f3 un informe realizado por la Asociaci\u00f3n Civil por la Igualdad y la Justicia (ACIJ). Advirtieron que el presupuesto asignado por el Gobierno de Javier Milei para 2024 es un 72% m\u00e1s bajo que el a\u00f1o pasado. Los detalles, en la nota.<\/strong><\/em><!--more--><\/p>\n<p><strong><img loading=\"lazy\" decoding=\"async\" class=\"size-medium wp-image-14326 alignright\" src=\"https:\/\/www.visionweb.com.ar\/wp-content\/uploads\/2024\/04\/ALUMNOS-UNIVERSITARIOS-300x172.png\" alt=\"\" width=\"300\" height=\"172\" srcset=\"https:\/\/www.visionweb.com.ar\/wp-content\/uploads\/2024\/04\/ALUMNOS-UNIVERSITARIOS-300x172.png 300w, https:\/\/www.visionweb.com.ar\/wp-content\/uploads\/2024\/04\/ALUMNOS-UNIVERSITARIOS.png 640w\" sizes=\"auto, (max-width: 300px) 100vw, 300px\" \/>Las universidades p\u00fablicas nacionales recibieron este a\u00f1o el presupuesto m\u00e1s bajo desde que hay registro, hace 27 a\u00f1os.<\/strong>\u00a0As\u00ed revel\u00f3\u00a0<a href=\"https:\/\/acij.org.ar\/el-presupuesto-2024-para-las-universidades-es-el-mas-bajo-desde-que-se-tiene-registro\/\" data-type=\"link\" data-id=\"https:\/\/acij.org.ar\/el-presupuesto-2024-para-las-universidades-es-el-mas-bajo-desde-que-se-tiene-registro\/\"><strong>un informe realizado por la Asociaci\u00f3n Civil por la Igualdad y la Justicia (ACIJ)<\/strong><\/a>\u00a0a partir de datos de la plataforma oficial Presupuesto Abierto.<\/p>\n<p>Los recortes obedecen a que el Gobierno de Javier Milei decidi\u00f3 en diciembre pasado el Presupuesto 2023 para este a\u00f1o.<\/p>\n<p>Sin embargo, el Ministerio de Capital Humano, encabezado por Sandra Pettovello, anunci\u00f3 el jueves \u00faltimo un acuerdo con el Consejo Interuniversitario Nacional (CIN) para<strong>\u00a0actualizar un 140% de aumento entre marzo y mayo para gastos de mantenimiento, adem\u00e1s de una partida extraordinaria para hospitales que dependen de las casas de altos estudios<\/strong>.\u00a0<a href=\"https:\/\/twitter.com\/CINoficial\/status\/1781155100582359130\" data-type=\"link\" data-id=\"https:\/\/twitter.com\/CINoficial\/status\/1781155100582359130\">Esa medida fue desmentida apenas minutos despu\u00e9s por el propio CIN.<\/a><\/p>\n<p>A\u00fan con ese porcentaje,\u00a0<strong>el presupuesto asignado para 2024 es un 72% m\u00e1s bajo que el a\u00f1o pasado<\/strong>, remarc\u00f3 la ACIJ en su informe, lo que lleva la situaci\u00f3n econ\u00f3mica de las universidades a un estado cr\u00edtico, en\u00a0<strong>un contexto de una inflaci\u00f3n interanual cercana al 300%, consign\u00f3 la agencia AUNO<\/strong>.<\/p>\n<p>De acuerdo al informe,\u00a0<strong>la ca\u00edda interanual en la ejecuci\u00f3n presupuestaria universitaria fue del 34%<\/strong>, esa cifra \u201cfue incluso fue\u00a0 <strong>m\u00e1s baja que el promedio del gasto p\u00fablico nacional<\/strong>\u201c, que disminuy\u00f3 el 30%.<\/p>\n<p><img loading=\"lazy\" decoding=\"async\" class=\"size-medium wp-image-14327 alignleft\" src=\"https:\/\/www.visionweb.com.ar\/wp-content\/uploads\/2024\/04\/DATOS-300x176.png\" alt=\"\" width=\"300\" height=\"176\" srcset=\"https:\/\/www.visionweb.com.ar\/wp-content\/uploads\/2024\/04\/DATOS-300x176.png 300w, https:\/\/www.visionweb.com.ar\/wp-content\/uploads\/2024\/04\/DATOS.png 640w\" sizes=\"auto, (max-width: 300px) 100vw, 300px\" \/>Sobre\u00a0<strong>el detalle de c\u00f3mo el Gobierno nacional liberario ejecut\u00f3 el presupuesto para universidades<\/strong>, ACIJ indic\u00f3 que lo hizo un \u201c30% menos del gasto total en t\u00e9rminos reales\u201d durante el primer trimestre de 2024 en comparaci\u00f3n con el mismo per\u00edodo de 2023.<\/p>\n<p>\u201cSin embargo,\u00a0<strong>la reducci\u00f3n en las pol\u00edticas universitarias fue a\u00fan mayor<\/strong>, alcanzando el 34,4%. Dentro de las partidas que conforman las pol\u00edticas universitarias, la m\u00e1s importante, \u2018Desarrollo de la Educaci\u00f3n Superior\u2019, experiment\u00f3 una disminuci\u00f3n del 32,9%. Lo ejecutado en<strong>\u00a0becas Progresar<\/strong>\u00a0sufri\u00f3 una ca\u00edda del 46,9%, y lo destinado a la<strong>\u00a0Comisi\u00f3n Nacional de Evaluaci\u00f3n y Acreditaci\u00f3n Universitaria<\/strong> disminuy\u00f3 un 18,4%\u201d, enumer\u00f3 el Informe.<\/p>\n<p>El trabajo a\u00f1adi\u00f3 que : \u201c<strong>Los programas de infraestructura universitaria pr\u00e1cticamente no tuvieron ejecuci\u00f3n<\/strong>\u201c.<\/p>\n<p class=\"wp-block-heading\"><strong>Sueldos para docentes y no docentes<\/strong><\/p>\n<p>ACIJ advirti\u00f3 adem\u00e1s que la ca\u00edda en la ejecuci\u00f3n presupuestaria \u201cafecta de manera significativa a todas las actividades que comprende\u201d. \u201c<strong>Los fondos asignados al pago de salarios registran una disminuci\u00f3n del 32% para docentes y autoridades, y del 28% para el personal no docente<\/strong>\u201c, explic\u00f3.<\/p>\n<p>Sobre el financiamiento para el funcionamiento universitario, el Gobierno redujo \u201ccasi un 60% en comparaci\u00f3n con el a\u00f1o 2023\u201d; mientras que \u201c<strong>las transferencias a hospitales universitarios<br \/>\nexperimentan una ca\u00edda del 72%<\/strong>, y el Fondo Universitario para el Desarrollo Regional, al igual que los institutos tecnol\u00f3gicos de formaci\u00f3n profesional y el desarrollo de proyectos especiales,\u00a0<strong>no reciben asignaci\u00f3n alguna<\/strong>.<\/p>\n<p class=\"wp-block-heading\"><strong>Gastos por estudiante<\/strong><\/p>\n<p>ACIJ evalu\u00f3 que la cantidad de estudiantes de pregrado y grado en el sector de gesti\u00f3n estatal \u201caument\u00f3 de manera constante desde el a\u00f1o 2002\u201d y en ese sentido, estim\u00f3 que pasaron de 1.138.503 a<br \/>\n2.065.115 en 2021.<\/p>\n<p>\u201cSi consideramos que esta cifra es constante en los ocho \u00faltimos a\u00f1os, puede observarse que en el a\u00f1o actual, el presupuesto disponible por estudiante es el m\u00e1s bajo de toda la serie.<strong>\u00a0Se estima que este a\u00f1o se destinar\u00e1n aproximadamente $690.000 por persona, lo que representa una reducci\u00f3n del 72% con respecto al a\u00f1o anterior y un 82% menos que en 2013, cuando se alcanz\u00f3 el m\u00e1ximo nivel de gasto por estudiante<\/strong>\u201c, concluy\u00f3<strong>(VW)<\/strong>.<\/p>\n<p><em><strong>Informe preparado por la agencia AUNO<\/strong><\/em><\/p>\n","protected":false},"excerpt":{"rendered":"<p>As\u00ed revel\u00f3 un informe realizado por la Asociaci\u00f3n Civil por la Igualdad y la Justicia (ACIJ). Advirtieron que el presupuesto asignado por el Gobierno de Javier Milei para 2024 es un 72% m\u00e1s bajo&#46;&#46;&#46;<\/p>\n","protected":false},"author":3,"featured_media":14326,"comment_status":"closed","ping_status":"closed","sticky":false,"template":"","format":"standard","meta":{"_monsterinsights_skip_tracking":false,"_monsterinsights_sitenote_active":false,"_monsterinsights_sitenote_note":"","_monsterinsights_sitenote_category":0,"footnotes":""},"categories":[7],"tags":[78,5639,405],"class_list":["post-14323","post","type-post","status-publish","format-standard","has-post-thumbnail","hentry","category-educacion-y-cultura","tag-presupuesto","tag-recortes","tag-universidades"],"_links":{"self":[{"href":"https:\/\/www.visionweb.com.ar\/index.php?rest_route=\/wp\/v2\/posts\/14323","targetHints":{"allow":["GET"]}}],"collection":[{"href":"https:\/\/www.visionweb.com.ar\/index.php?rest_route=\/wp\/v2\/posts"}],"about":[{"href":"https:\/\/www.visionweb.com.ar\/index.php?rest_route=\/wp\/v2\/types\/post"}],"author":[{"embeddable":true,"href":"https:\/\/www.visionweb.com.ar\/index.php?rest_route=\/wp\/v2\/users\/3"}],"replies":[{"embeddable":true,"href":"https:\/\/www.visionweb.com.ar\/index.php?rest_route=%2Fwp%2Fv2%2Fcomments&post=14323"}],"version-history":[{"count":1,"href":"https:\/\/www.visionweb.com.ar\/index.php?rest_route=\/wp\/v2\/posts\/14323\/revisions"}],"predecessor-version":[{"id":14328,"href":"https:\/\/www.visionweb.com.ar\/index.php?rest_route=\/wp\/v2\/posts\/14323\/revisions\/14328"}],"wp:featuredmedia":[{"embeddable":true,"href":"https:\/\/www.visionweb.com.ar\/index.php?rest_route=\/wp\/v2\/media\/14326"}],"wp:attachment":[{"href":"https:\/\/www.visionweb.com.ar\/index.php?rest_route=%2Fwp%2Fv2%2Fmedia&parent=14323"}],"wp:term":[{"taxonomy":"category","embeddable":true,"href":"https:\/\/www.visionweb.com.ar\/index.php?rest_route=%2Fwp%2Fv2%2Fcategories&post=14323"},{"taxonomy":"post_tag","embeddable":true,"href":"https:\/\/www.visionweb.com.ar\/index.php?rest_route=%2Fwp%2Fv2%2Ftags&post=14323"}],"curies":[{"name":"wp","href":"https:\/\/api.w.org\/{rel}","templated":true}]}}