{"id":14321,"date":"2024-04-24T09:21:53","date_gmt":"2024-04-24T12:21:53","guid":{"rendered":"https:\/\/www.visionweb.com.ar\/?p=14321"},"modified":"2024-04-24T09:21:53","modified_gmt":"2024-04-24T12:21:53","slug":"el-viernes-entra-en-vigencia-el-aumento-de-los-peajes-nacionales","status":"publish","type":"post","link":"https:\/\/www.visionweb.com.ar\/?p=14321","title":{"rendered":"El viernes entra en vigencia el aumento de los peajes nacionales"},"content":{"rendered":"<p><em><strong>Los peajes controlados por la empresa Corredores Viales tendr\u00e1n un aumento promedio del 200 por ciento a partir de este viernes.<\/strong><\/em><!--more--><\/p>\n<p><img loading=\"lazy\" decoding=\"async\" class=\"size-medium wp-image-8447 alignright\" src=\"https:\/\/www.visionweb.com.ar\/wp-content\/uploads\/2022\/11\/aumentan-los-peajes-300x168.png\" alt=\"\" width=\"300\" height=\"168\" srcset=\"https:\/\/www.visionweb.com.ar\/wp-content\/uploads\/2022\/11\/aumentan-los-peajes-300x168.png 300w, https:\/\/www.visionweb.com.ar\/wp-content\/uploads\/2022\/11\/aumentan-los-peajes-768x431.png 768w, https:\/\/www.visionweb.com.ar\/wp-content\/uploads\/2022\/11\/aumentan-los-peajes.png 800w\" sizes=\"auto, (max-width: 300px) 100vw, 300px\" \/>La Direcci\u00f3n Nacional de Vialidad acaba de autorizar el aumento de los peajes controlados por la empresa Corredores Viales SA. La actualizaci\u00f3n de tarifas ronda el 200 por ciento y alcanza a todos los tramos concesionados por dicha compa\u00f1\u00eda.<\/p>\n<p>Efectivamente, a trav\u00e9s de\u00a0<a href=\"https:\/\/www.boletinoficial.gob.ar\/detalleAviso\/primera\/306316\/20240424\" target=\"_blank\" rel=\"follow noopener\">la\u00a0<strong>Resoluci\u00f3n 66\/24<\/strong><\/a>\u00a0que se public\u00f3 este mi\u00e9rcoles en el\u00a0<strong>Bolet\u00edn Oficial<\/strong>, las autoridades le dieron luz verde a la suba que hab\u00eda pedido Corredores Viales. Seg\u00fan la norma firmada por\u00a0<strong>Ra\u00fal Bertola<\/strong>, l<strong>as nuevas tarifas entran en vigencia el viernes<\/strong>\u00a0de esta semana, pero eso no es todo: el funcionario tambi\u00e9n\u00a0<strong>aprob\u00f3 la revisi\u00f3n mensual de los precios por lo que a fines de mayo podr\u00eda haber otro incremento<\/strong>.<\/p>\n<p>De esta manera, las estaciones de peajes tendr\u00e1n los nuevos valores desde las 0 horas del 26 de abril. La suba ronda el 200 por ciento en todos los tramos e incluye revisiones mensuales hasta el 31 de diciembre de este a\u00f1o.<\/p>\n<p>Con el nuevo ajuste, <strong>pasar por el peaje Riccheri tendr\u00e1 un costo de entre 350 pesos (para las motos) hasta 3500 pesos (para camiones de m\u00e1s de 6 ejes)<\/strong>.\u00a0En hora pico, a su vez, la tarifa ir\u00e1 de 450 pesos a los $4500.<\/p>\n<p>Las autoridades explicaron que\u00a0<strong>el nuevo cuadro tarifario \u00abresponde al considerable aumento registrado en la variaci\u00f3n de precios de ciertos componentes<\/strong> principales de los rubros de explotaci\u00f3n, conservaci\u00f3n y mantenimiento y servicios de apoyo que inciden en el nivel de prestaci\u00f3n de los servicios al usuario\u00bb<strong>(VW)<\/strong>.<\/p>\n","protected":false},"excerpt":{"rendered":"<p>Los peajes controlados por la empresa Corredores Viales tendr\u00e1n un aumento promedio del 200 por ciento a partir de este viernes.<\/p>\n","protected":false},"author":3,"featured_media":8447,"comment_status":"closed","ping_status":"closed","sticky":false,"template":"","format":"standard","meta":{"_monsterinsights_skip_tracking":false,"_monsterinsights_sitenote_active":false,"_monsterinsights_sitenote_note":"","_monsterinsights_sitenote_category":0,"footnotes":""},"categories":[3],"tags":[141,5978,2431],"class_list":["post-14321","post","type-post","status-publish","format-standard","has-post-thumbnail","hentry","category-actualidad","tag-aumentos","tag-hora-pico","tag-peajes"],"_links":{"self":[{"href":"https:\/\/www.visionweb.com.ar\/index.php?rest_route=\/wp\/v2\/posts\/14321","targetHints":{"allow":["GET"]}}],"collection":[{"href":"https:\/\/www.visionweb.com.ar\/index.php?rest_route=\/wp\/v2\/posts"}],"about":[{"href":"https:\/\/www.visionweb.com.ar\/index.php?rest_route=\/wp\/v2\/types\/post"}],"author":[{"embeddable":true,"href":"https:\/\/www.visionweb.com.ar\/index.php?rest_route=\/wp\/v2\/users\/3"}],"replies":[{"embeddable":true,"href":"https:\/\/www.visionweb.com.ar\/index.php?rest_route=%2Fwp%2Fv2%2Fcomments&post=14321"}],"version-history":[{"count":1,"href":"https:\/\/www.visionweb.com.ar\/index.php?rest_route=\/wp\/v2\/posts\/14321\/revisions"}],"predecessor-version":[{"id":14322,"href":"https:\/\/www.visionweb.com.ar\/index.php?rest_route=\/wp\/v2\/posts\/14321\/revisions\/14322"}],"wp:featuredmedia":[{"embeddable":true,"href":"https:\/\/www.visionweb.com.ar\/index.php?rest_route=\/wp\/v2\/media\/8447"}],"wp:attachment":[{"href":"https:\/\/www.visionweb.com.ar\/index.php?rest_route=%2Fwp%2Fv2%2Fmedia&parent=14321"}],"wp:term":[{"taxonomy":"category","embeddable":true,"href":"https:\/\/www.visionweb.com.ar\/index.php?rest_route=%2Fwp%2Fv2%2Fcategories&post=14321"},{"taxonomy":"post_tag","embeddable":true,"href":"https:\/\/www.visionweb.com.ar\/index.php?rest_route=%2Fwp%2Fv2%2Ftags&post=14321"}],"curies":[{"name":"wp","href":"https:\/\/api.w.org\/{rel}","templated":true}]}}