{"id":14318,"date":"2024-04-24T07:30:25","date_gmt":"2024-04-24T10:30:25","guid":{"rendered":"https:\/\/www.visionweb.com.ar\/?p=14318"},"modified":"2024-04-23T19:15:05","modified_gmt":"2024-04-23T22:15:05","slug":"inauguraron-la-nueva-sede-de-operaciones-de-fba-lanus","status":"publish","type":"post","link":"https:\/\/www.visionweb.com.ar\/?p=14318","title":{"rendered":"Inauguraron la nueva sede de operaciones de FBA Lan\u00fas"},"content":{"rendered":"<p><em><strong>La inauguraci\u00f3n de la nueva fuerza policial estuvo a cargo del gobernador Axel Kicillof y el intendente Juli\u00e1n Alvarez. Tambi\u00e9n estuvo el ministro de Seguridad Bonaerense Javier Alonso.<\/strong><\/em>\u00a0 <!--more--><\/p>\n<p><img loading=\"lazy\" decoding=\"async\" class=\"size-medium wp-image-14319 alignright\" src=\"https:\/\/www.visionweb.com.ar\/wp-content\/uploads\/2024\/04\/FBA-INAUGURACION-300x200.jpg\" alt=\"\" width=\"300\" height=\"200\" srcset=\"https:\/\/www.visionweb.com.ar\/wp-content\/uploads\/2024\/04\/FBA-INAUGURACION-300x200.jpg 300w, https:\/\/www.visionweb.com.ar\/wp-content\/uploads\/2024\/04\/FBA-INAUGURACION.jpg 640w\" sizes=\"auto, (max-width: 300px) 100vw, 300px\" \/>Qued\u00f3 inaugurado este martes la nueva sede de la base de operaciones de la Fuerza Barrial de Aproximaci\u00f3n (FBA) de la Polic\u00eda Bonaerense, que funcionar\u00e1 en las instalaciones del Club Atl\u00e9tico Talleres, y anunciaron la incorporaci\u00f3n de 10 nuevos m\u00f3viles. Adem\u00e1s se incorporar\u00e1n 19 moviles m\u00e1s.<\/p>\n<p>El acto fue encabezado por el intendente Juli\u00e1n \u00c1varez, el gobernador Axel Kicillof y el\u00a0 ministro de Seguridad, Javier Alonso.<\/p>\n<p>\u201cHoy dimos un paso m\u00e1s hacia el cumplimiento de los compromisos que asumimos con nuestros vecinos y vecinas. Estamos decididos a transformar nuestra ciudad en una Lan\u00fas m\u00e1s segura y justa para todos y todas. \u201d, afirm\u00f3 el Intendente \u00c1lvarez.<\/p>\n<p>\u201cEsta es una inversi\u00f3n que los vecinos y vecinas de Lan\u00fas van a valorar el doble, ya que la hemos hecho en un momento dif\u00edcil luego de que el Gobierno Nacional nos quitara ilegalmente los fondos destinados a fortalecer la seguridad. Seguimos siendo discriminados en materia de recursos: esto lo podemos hacer porque hay un Municipio y un Gobierno Provincial que empujan para el mismo lado\u201d, asegur\u00f3 por su parte Axel Kicillof.<\/p>\n<p>La FBA rige desde mayo del a\u00f1o pasado, cuando qued\u00f3 inaugurada de forma oficial. Es una nueva rama de las Fuerzas Especiales de la Polic\u00eda de la Provincia de Buenos Aires, entrenada y formada para trabajar en la proximidad con la ciudadan\u00eda, preparada para la resoluci\u00f3n de conflictos y la preservaci\u00f3n de la tranquilidad<strong>(VW)<\/strong>.<\/p>\n","protected":false},"excerpt":{"rendered":"<p>La inauguraci\u00f3n de la nueva fuerza policial estuvo a cargo del gobernador Axel Kicillof y el intendente Juli\u00e1n Alvarez. Tambi\u00e9n estuvo el ministro de Seguridad Bonaerense Javier Alonso.\u00a0<\/p>\n","protected":false},"author":3,"featured_media":14319,"comment_status":"closed","ping_status":"closed","sticky":false,"template":"","format":"standard","meta":{"_monsterinsights_skip_tracking":false,"_monsterinsights_sitenote_active":false,"_monsterinsights_sitenote_note":"","_monsterinsights_sitenote_category":0,"footnotes":""},"categories":[3,4],"tags":[1150,5977,1736,5140],"class_list":["post-14318","post","type-post","status-publish","format-standard","has-post-thumbnail","hentry","category-actualidad","category-politica","tag-alvarez","tag-kicillof-alonso","tag-policia","tag-talleres"],"_links":{"self":[{"href":"https:\/\/www.visionweb.com.ar\/index.php?rest_route=\/wp\/v2\/posts\/14318","targetHints":{"allow":["GET"]}}],"collection":[{"href":"https:\/\/www.visionweb.com.ar\/index.php?rest_route=\/wp\/v2\/posts"}],"about":[{"href":"https:\/\/www.visionweb.com.ar\/index.php?rest_route=\/wp\/v2\/types\/post"}],"author":[{"embeddable":true,"href":"https:\/\/www.visionweb.com.ar\/index.php?rest_route=\/wp\/v2\/users\/3"}],"replies":[{"embeddable":true,"href":"https:\/\/www.visionweb.com.ar\/index.php?rest_route=%2Fwp%2Fv2%2Fcomments&post=14318"}],"version-history":[{"count":1,"href":"https:\/\/www.visionweb.com.ar\/index.php?rest_route=\/wp\/v2\/posts\/14318\/revisions"}],"predecessor-version":[{"id":14320,"href":"https:\/\/www.visionweb.com.ar\/index.php?rest_route=\/wp\/v2\/posts\/14318\/revisions\/14320"}],"wp:featuredmedia":[{"embeddable":true,"href":"https:\/\/www.visionweb.com.ar\/index.php?rest_route=\/wp\/v2\/media\/14319"}],"wp:attachment":[{"href":"https:\/\/www.visionweb.com.ar\/index.php?rest_route=%2Fwp%2Fv2%2Fmedia&parent=14318"}],"wp:term":[{"taxonomy":"category","embeddable":true,"href":"https:\/\/www.visionweb.com.ar\/index.php?rest_route=%2Fwp%2Fv2%2Fcategories&post=14318"},{"taxonomy":"post_tag","embeddable":true,"href":"https:\/\/www.visionweb.com.ar\/index.php?rest_route=%2Fwp%2Fv2%2Ftags&post=14318"}],"curies":[{"name":"wp","href":"https:\/\/api.w.org\/{rel}","templated":true}]}}