{"id":14315,"date":"2024-04-23T11:10:32","date_gmt":"2024-04-23T14:10:32","guid":{"rendered":"https:\/\/www.visionweb.com.ar\/?p=14315"},"modified":"2024-04-23T11:10:32","modified_gmt":"2024-04-23T14:10:32","slug":"hoy-se-celebra-el-dia-internacional-del-libro-y-del-derecho-de-autor","status":"publish","type":"post","link":"https:\/\/www.visionweb.com.ar\/?p=14315","title":{"rendered":"Hoy se celebra el \u00abD\u00eda internacional del Libro y del  Derecho de Autor\u00bb"},"content":{"rendered":"<p><em><strong>En 1924 se declaro el 15 de junio como la \u201cFiesta del Libro\u201d. Luego, en 1941 se cambi\u00f3 la denominaci\u00f3n por \u201cD\u00eda del Libro\u201d, la cual se mantiene hasta hoy.<\/strong><\/em><!--more--><\/p>\n<div id=\"attachment_14316\" style=\"width: 310px\" class=\"wp-caption alignleft\"><img loading=\"lazy\" decoding=\"async\" aria-describedby=\"caption-attachment-14316\" class=\"wp-image-14316 size-medium\" src=\"https:\/\/www.visionweb.com.ar\/wp-content\/uploads\/2024\/04\/DIA-MUNDIAL-DEL-LIBRO-300x248.png\" alt=\"\" width=\"300\" height=\"248\" srcset=\"https:\/\/www.visionweb.com.ar\/wp-content\/uploads\/2024\/04\/DIA-MUNDIAL-DEL-LIBRO-300x248.png 300w, https:\/\/www.visionweb.com.ar\/wp-content\/uploads\/2024\/04\/DIA-MUNDIAL-DEL-LIBRO.png 580w\" sizes=\"auto, (max-width: 300px) 100vw, 300px\" \/><p id=\"caption-attachment-14316\" class=\"wp-caption-text\">Imagen: Secretar\u00eda de Cultura de la naci\u00f3n<\/p><\/div>\n<p>Aunque Argentina tiene una fecha especial para festejar el D\u00eda del Libro, a nivel mundial se celebra todos los 23 de abril, en conmemoraci\u00f3n a la muerte de\u00a0<strong>Miguel de Cervantes, William Shakespeare y el Inca Garcilaso de la Vega: los tres en el a\u00f1o 1616<\/strong>. Ellos se transformaron en parte de los pilares de la literatura universal.<\/p>\n<p>De hecho, es una tradici\u00f3n anual comenzar la Feria del Libro de Buenos Aires durante esa misma semana del a\u00f1o, donde escritores, editores, lectores y referentes de la industria editorial se re\u00fanen para compartir lo que m\u00e1s les apasiona: los libros.<\/p>\n<p><strong>El antecedente en Argentina<\/strong><\/p>\n<p>Cuenta que el\u00a0<strong>15 de junio de 1908 se entregaron los premios de un concurso literario,\u00a0<\/strong>organizado por el entonces Consejo Nacional de Mujeres. Desde entonces, la biblioteca del organismo tom\u00f3 la iniciativa para que se celebrara\u00a0<em>\u201cun d\u00eda especial del a\u00f1o a la recordaci\u00f3n del libro como registro imperecedero del pensamiento y de la vida de los individuos y las sociedades, y como v\u00ednculo indestructible de las generaciones humanas de todas las razas, lenguas, creencias, etc\u00e9tera\u201d<\/em>.<\/p>\n<p><strong>23 de abril y 15 de junio: el libro siempre protagonista<\/strong><\/p>\n<p>Despu\u00e9s de diversas solicitudes, la biblioteca de aquel Consejo logr\u00f3 el reconocimiento esperado:\u00a0<strong>en 1924, por Decreto nacional del gobierno de Marcelo T. de Alvear, se declar\u00f3 oficialmente el 15 de junio como la \u201cFiesta del Libro\u201d.<\/strong>\u00a0Luego, en 1941 se cambi\u00f3 la denominaci\u00f3n por \u201cD\u00eda del Libro\u201d, la cual se mantiene hasta hoy, pero conservando los mismos objetivos iniciales: fomentar la lectura entre las comunidades de todo el pa\u00eds.<\/p>\n<h3>Derechos de autor<\/h3>\n<p>Los derechos de autor son un\u00a0<strong>conjunto de principios y normas jur\u00eddicas que establecen los derechos morales, patrimoniales y universales<\/strong>\u00a0que tienen todos los autores de obras literarias, cient\u00edficas, musicales, art\u00edsticas o de car\u00e1cter did\u00e1ctico, por el simple hecho de su creaci\u00f3n, est\u00e9 publicada o sea in\u00e9dita.<\/p>\n<p>En esta categor\u00eda tambi\u00e9n est\u00e1n los creadores de programas inform\u00e1ticos, los anunciantes, publicistas, productores de cine y dem\u00e1s disciplinas.\u00a0 Est\u00e1 considerado como uno de los\u00a0<strong>derechos humanos fundamentales<\/strong>\u00a0en la Declaraci\u00f3n Universal de los Derechos Humanos.<\/p>\n<p>Una obra pasa al dominio p\u00fablico cuando los derechos patrimoniales han expirado, y esto es habitualmente cuando transcurri\u00f3 el plazo desde la muerte del autor (post mortem auctoris). El plazo m\u00ednimo, a nivel mundial, es de 50 a\u00f1os y est\u00e1 establecido en el Convenio de Berna, aunque muchos pa\u00edses han extendido ese plazo ampliamente.<\/p>\n<h3>El antecedente<\/h3>\n<p>Los primeros casos que se recogen en leyes sobre el derecho de copia provienen de la antigua Irlanda. El\u00a0<strong>Cathach es el manuscrito irland\u00e9s m\u00e1s antiguo existente de los Salmos<\/strong>\u00a0(principios del siglo VII) y el ejemplo m\u00e1s antiguo de la literatura irlandesa. Tradicionalmente\u00a0<strong>se atribuye su creaci\u00f3n a san Columba como el copista<\/strong>, y dicha copia se hizo de forma extraordinaria en una sola noche a toda prisa gracias a una luz milagrosa, de un salterio prestado a San Columba por San Finnian. Surgi\u00f3 una controversia sobre la propiedad de la copia, y el rey Diarmait Mac Cerbhaill dict\u00f3 la siguiente frase: \u00abA cada vaca le pertenece su cr\u00eda; por lo tanto, a cada libro le pertenece su copia\u00bb.<\/p>\n<h3>Campa\u00f1a de participaci\u00f3n ciudadana: #MiLibroEnCuarentena<\/h3>\n<div>La Unesco fij\u00f3 el 23 de Abril como el D\u00eda mundial del Libro, en conmemoraci\u00f3n de la muerte de Miguel de Cervantes, William Shakespeare y el Inca Garcilaso de la Vega, los tres en el a\u00f1o 1616. Ellos se transformaron en pilares de la literatura universal.<\/div>\n<div><\/div>\n<blockquote>\n<div style=\"text-align: center;\"><em><span style=\"color: #0000ff;\"><strong>Te invitamos a compartir un libro que est\u00e9s leyendo o que recomiendes para atravesar este tiempo tan extra\u00f1o que vivimos. Para eso,\u00a0te proponemos que publiques en tus redes sociales una imagen del libro o un video muy breve cont\u00e1ndonos el porqu\u00e9 de tu recomendaci\u00f3n, con el hashtag\u00a0#MiLibroEnCuarentena\u00a0para que podamos compartir esas publicaciones en las redes sociales del Ministerio de Cultura de la Naci\u00f3n.<\/strong><\/span><\/em><\/div>\n<\/blockquote>\n<div>Leer es un acto de libertad, de expansi\u00f3n de lo humano, una apuesta a la sensibilidad que reconforta los esp\u00edritus y nos reconcilia con todas las bellas e intensas formas de la vida<strong>(VW)<\/strong><\/div>\n","protected":false},"excerpt":{"rendered":"<p>En 1924 se declaro el 15 de junio como la \u201cFiesta del Libro\u201d. Luego, en 1941 se cambi\u00f3 la denominaci\u00f3n por \u201cD\u00eda del Libro\u201d, la cual se mantiene hasta hoy.<\/p>\n","protected":false},"author":3,"featured_media":14316,"comment_status":"closed","ping_status":"closed","sticky":false,"template":"","format":"standard","meta":{"_monsterinsights_skip_tracking":false,"_monsterinsights_sitenote_active":false,"_monsterinsights_sitenote_note":"","_monsterinsights_sitenote_category":0,"footnotes":""},"categories":[7],"tags":[5976,96,829,219,1117],"class_list":["post-14315","post","type-post","status-publish","format-standard","has-post-thumbnail","hentry","category-educacion-y-cultura","tag-autor","tag-biblioteca","tag-derechos","tag-dia","tag-libros"],"_links":{"self":[{"href":"https:\/\/www.visionweb.com.ar\/index.php?rest_route=\/wp\/v2\/posts\/14315","targetHints":{"allow":["GET"]}}],"collection":[{"href":"https:\/\/www.visionweb.com.ar\/index.php?rest_route=\/wp\/v2\/posts"}],"about":[{"href":"https:\/\/www.visionweb.com.ar\/index.php?rest_route=\/wp\/v2\/types\/post"}],"author":[{"embeddable":true,"href":"https:\/\/www.visionweb.com.ar\/index.php?rest_route=\/wp\/v2\/users\/3"}],"replies":[{"embeddable":true,"href":"https:\/\/www.visionweb.com.ar\/index.php?rest_route=%2Fwp%2Fv2%2Fcomments&post=14315"}],"version-history":[{"count":1,"href":"https:\/\/www.visionweb.com.ar\/index.php?rest_route=\/wp\/v2\/posts\/14315\/revisions"}],"predecessor-version":[{"id":14317,"href":"https:\/\/www.visionweb.com.ar\/index.php?rest_route=\/wp\/v2\/posts\/14315\/revisions\/14317"}],"wp:featuredmedia":[{"embeddable":true,"href":"https:\/\/www.visionweb.com.ar\/index.php?rest_route=\/wp\/v2\/media\/14316"}],"wp:attachment":[{"href":"https:\/\/www.visionweb.com.ar\/index.php?rest_route=%2Fwp%2Fv2%2Fmedia&parent=14315"}],"wp:term":[{"taxonomy":"category","embeddable":true,"href":"https:\/\/www.visionweb.com.ar\/index.php?rest_route=%2Fwp%2Fv2%2Fcategories&post=14315"},{"taxonomy":"post_tag","embeddable":true,"href":"https:\/\/www.visionweb.com.ar\/index.php?rest_route=%2Fwp%2Fv2%2Ftags&post=14315"}],"curies":[{"name":"wp","href":"https:\/\/api.w.org\/{rel}","templated":true}]}}