{"id":14308,"date":"2024-04-23T09:24:38","date_gmt":"2024-04-23T12:24:38","guid":{"rendered":"https:\/\/www.visionweb.com.ar\/?p=14308"},"modified":"2024-04-23T09:24:38","modified_gmt":"2024-04-23T12:24:38","slug":"salud-advierten-sobre-la-critica-situacion-del-hospital-fiorito-de-avellaneda","status":"publish","type":"post","link":"https:\/\/www.visionweb.com.ar\/?p=14308","title":{"rendered":"Salud: Advierten sobre la cr\u00edtica situaci\u00f3n del hospital Fiorito de Avellaneda"},"content":{"rendered":"<p><strong><em>La Asociaci\u00f3n Sindical de Profesionales de la Salud manifest\u00f3 su preocupaci\u00f3n por la falta de insumos, el aumento de la demanda y la sobrecarga laboral.<\/em><\/strong><!--more--><\/p>\n<div id=\"attachment_14309\" style=\"width: 310px\" class=\"wp-caption alignright\"><img loading=\"lazy\" decoding=\"async\" aria-describedby=\"caption-attachment-14309\" class=\"wp-image-14309 size-medium\" src=\"https:\/\/www.visionweb.com.ar\/wp-content\/uploads\/2024\/04\/HOSPITAL-FIORITO-300x167.png\" alt=\"\" width=\"300\" height=\"167\" srcset=\"https:\/\/www.visionweb.com.ar\/wp-content\/uploads\/2024\/04\/HOSPITAL-FIORITO-300x167.png 300w, https:\/\/www.visionweb.com.ar\/wp-content\/uploads\/2024\/04\/HOSPITAL-FIORITO.png 640w\" sizes=\"auto, (max-width: 300px) 100vw, 300px\" \/><p id=\"caption-attachment-14309\" class=\"wp-caption-text\">Para los profesionales de la salud es cr\u00edtica la situaci\u00f3n del hospital Fiorito por los recortes presupuestarios<\/p><\/div>\n<p>Los profesionales de la salud del Hospital Fiorito de Avellaneda, agrupados en la Asociaci\u00f3n Sindical de Profesionales de la Salud de la Provincia de Buenos Aires (CICOP), denunciaron la\u00a0<strong>\u201ddelicada situaci\u00f3n del sistema p\u00fablico de salud\u201d\u00a0<\/strong>que se vive en ese nosocomio del sur del conurbano bonaerense, y del impacto de las pol\u00edticas de ajuste del gobierno nacional en el sistema sanitario bonaerense.<\/p>\n<p>En el marco de los primeros 100 d\u00edas del gobierno de Javier Milei, los profesionales lamentaron \u201ctener que\u00a0<strong>confirmar los malos pron\u00f3sticos que nos esperaban de imponerse las propuestas de mercantilizaci\u00f3n y desfinanciamiento de la salud p\u00fablica<\/strong>, pron\u00f3sticos que auguraban una profundizaci\u00f3n de falencias que se arrastran desde hace tiempo\u201d, consignaron en un comunicado los profesionales del noscomio.<\/p>\n<p>En esa sinton\u00eda, afirmaron que \u201cla devaluaci\u00f3n r\u00e9cord de la moneda local y la falta de regulaci\u00f3n en el precio de medicamentos est\u00e1n generando serias dificultades para abastecer de insumos al hospital. Se suman adem\u00e1s,\u00a0<strong>la demora o cancelaci\u00f3n de licitaciones de laboratorio, la reducci\u00f3n de cantidades solicitadas y la especulaci\u00f3n de proveedores privados<\/strong>, afectando seriamente la atenci\u00f3n de la poblaci\u00f3n y sobrecargando las tareas de los profesionales\u201d.<\/p>\n<p>\u201cLa falta de funcionamiento regular de equipos de diagn\u00f3stico por im\u00e1genes, como tom\u00f3grafos, resonadores magn\u00e9ticos y radiograf\u00edas, debido a problemas de repuestos y mantenimiento en moneda extranjera,\u00a0<strong>limita a\u00fan m\u00e1s la atenci\u00f3n m\u00e9dica y aumenta las complicaciones\u00a0<\/strong>para los pacientes\u201d, detallaron los profesionales del Hospital Fiorito<\/p>\n<p>En el comunicado tambi\u00e9n destacaron que el aumento desproporcionado de precios de medicamentos y alimentos\u00a0<strong>agrava la salud de la poblaci\u00f3n, provocando abandono o cumplimiento parcial de tratamientos y el incremento de complicaciones prevenibles<\/strong>. Al respecto, advirtieron que \u201cla desregulaci\u00f3n de obras sociales y prepagas est\u00e1 generando una mayor demanda de atenci\u00f3n en el sector p\u00fablico, sobrecargando a\u00fan m\u00e1s el sistema\u201d.<\/p>\n<p>\u201cHemos observado un\u00a0<strong>aumento en los casos de violencia en nuestras guardias<\/strong>, lo cual afecta considerablemente el bienestar de nuestros colegas\u201d, sostuvieron, y agregaron: \u201cConvencidos de que las salidas son colectivas, convocamos una vez m\u00e1s a la organizaci\u00f3n y a estrechar lazos de solidaridad y encuentro para defender el hospital p\u00fablico y exigir condiciones dignas de trabajo\u201d<strong>(vw)<\/strong>.<\/p>\n","protected":false},"excerpt":{"rendered":"<p>La Asociaci\u00f3n Sindical de Profesionales de la Salud manifest\u00f3 su preocupaci\u00f3n por la falta de insumos, el aumento de la demanda y la sobrecarga laboral.<\/p>\n","protected":false},"author":3,"featured_media":14309,"comment_status":"closed","ping_status":"closed","sticky":false,"template":"","format":"standard","meta":{"_monsterinsights_skip_tracking":false,"_monsterinsights_sitenote_active":false,"_monsterinsights_sitenote_note":"","_monsterinsights_sitenote_category":0,"footnotes":""},"categories":[8,5],"tags":[4527,41,680,5639],"class_list":["post-14308","post","type-post","status-publish","format-standard","has-post-thumbnail","hentry","category-interes-general","category-sociedad","tag-fiorito","tag-insumos","tag-profesionales","tag-recortes"],"_links":{"self":[{"href":"https:\/\/www.visionweb.com.ar\/index.php?rest_route=\/wp\/v2\/posts\/14308","targetHints":{"allow":["GET"]}}],"collection":[{"href":"https:\/\/www.visionweb.com.ar\/index.php?rest_route=\/wp\/v2\/posts"}],"about":[{"href":"https:\/\/www.visionweb.com.ar\/index.php?rest_route=\/wp\/v2\/types\/post"}],"author":[{"embeddable":true,"href":"https:\/\/www.visionweb.com.ar\/index.php?rest_route=\/wp\/v2\/users\/3"}],"replies":[{"embeddable":true,"href":"https:\/\/www.visionweb.com.ar\/index.php?rest_route=%2Fwp%2Fv2%2Fcomments&post=14308"}],"version-history":[{"count":1,"href":"https:\/\/www.visionweb.com.ar\/index.php?rest_route=\/wp\/v2\/posts\/14308\/revisions"}],"predecessor-version":[{"id":14310,"href":"https:\/\/www.visionweb.com.ar\/index.php?rest_route=\/wp\/v2\/posts\/14308\/revisions\/14310"}],"wp:featuredmedia":[{"embeddable":true,"href":"https:\/\/www.visionweb.com.ar\/index.php?rest_route=\/wp\/v2\/media\/14309"}],"wp:attachment":[{"href":"https:\/\/www.visionweb.com.ar\/index.php?rest_route=%2Fwp%2Fv2%2Fmedia&parent=14308"}],"wp:term":[{"taxonomy":"category","embeddable":true,"href":"https:\/\/www.visionweb.com.ar\/index.php?rest_route=%2Fwp%2Fv2%2Fcategories&post=14308"},{"taxonomy":"post_tag","embeddable":true,"href":"https:\/\/www.visionweb.com.ar\/index.php?rest_route=%2Fwp%2Fv2%2Ftags&post=14308"}],"curies":[{"name":"wp","href":"https:\/\/api.w.org\/{rel}","templated":true}]}}