{"id":14302,"date":"2024-04-22T10:36:49","date_gmt":"2024-04-22T13:36:49","guid":{"rendered":"https:\/\/www.visionweb.com.ar\/?p=14302"},"modified":"2024-04-22T10:36:49","modified_gmt":"2024-04-22T13:36:49","slug":"diputados-bonaerenses-proyecto-de-prevencion-y-control-del-dengue","status":"publish","type":"post","link":"https:\/\/www.visionweb.com.ar\/?p=14302","title":{"rendered":"Diputados bonaerenses: Proyecto de prevenci\u00f3n y control del dengue"},"content":{"rendered":"<p><em><strong>En torno de un encuentro con la doctora Marta Cohen, los diputados Valent\u00edn Miranda y Alejandra Lord\u00e9n resaltaron su proyecto de prevenci\u00f3n del dengue. \u201cLa mitad de la poblaci\u00f3n del mundo vive en zonas de riesgo de dengue, hay 40 mil muertes por a\u00f1o\u201d, relat\u00f3 Cohen.<\/strong><\/em><!--more--><\/p>\n<div id=\"attachment_14303\" style=\"width: 310px\" class=\"wp-caption alignright\"><img loading=\"lazy\" decoding=\"async\" aria-describedby=\"caption-attachment-14303\" class=\"wp-image-14303 size-medium\" src=\"https:\/\/www.visionweb.com.ar\/wp-content\/uploads\/2024\/04\/dip-bonaerensesmiranda-lorden-y-marta-cohen-300x193.png\" alt=\"\" width=\"300\" height=\"193\" srcset=\"https:\/\/www.visionweb.com.ar\/wp-content\/uploads\/2024\/04\/dip-bonaerensesmiranda-lorden-y-marta-cohen-300x193.png 300w, https:\/\/www.visionweb.com.ar\/wp-content\/uploads\/2024\/04\/dip-bonaerensesmiranda-lorden-y-marta-cohen.png 565w\" sizes=\"auto, (max-width: 300px) 100vw, 300px\" \/><p id=\"caption-attachment-14303\" class=\"wp-caption-text\">Valent\u00edn MIranda y Alejandra Lord\u00e9n junto a Marta Cohen.Foto Diputados bonaerenses web<\/p><\/div>\n<p><strong>\u00a0\u00a0 L<\/strong>a\u00a0<strong>C\u00e1mara de Diputados<\/strong>\u00a0de la\u00a0<strong>provincia de Buenos Aires<\/strong>, presidida por\u00a0<strong>Alejandro Dichiara<\/strong>, realiz\u00f3 una charla informativa sobre enfermedades emergentes que dej\u00f3 la pandemia de coronavirus, que estuvo a cargo de la doctora,\u00a0<strong>Marta Cohen<\/strong>, y fue impulsada por los legisladores del bloque\u00a0<strong>Uni\u00f3n C\u00edvica Radical<\/strong>\u00a0(<strong>UCR<\/strong>) +<strong>\u00a0Cambio Federal<\/strong>,\u00a0<strong>Valent\u00edn Miranda\u00a0<\/strong>y\u00a0<strong>Alejandra Lord\u00e9n<\/strong>.<\/p>\n<p>\u201c<strong>En t\u00e9rminos de promoci\u00f3n y prevenci\u00f3n, la salud no tiene color pol\u00edtico, nos engloba a todos<\/strong>. Cuando tenemos un problema de salud lo tenemos que trabajar de esta manera, porque finalmente el que se enferma no le importa mucho qui\u00e9n gobierna, sino que se solucione el problema\u201d, sostuvo la diputada\u00a0<strong>Lord\u00e9n<\/strong>, m\u00e9dica de profesi\u00f3n y <strong>vicepresidente de la comisi\u00f3n de\u00a0Salud.<\/strong><\/p>\n<p>En esa l\u00ednea, el\u00a0<strong>diputado Miranda <\/strong>inform\u00f3 que elabor\u00f3, con la asistencia de\u00a0<strong>Cohen<\/strong>, un proyecto para presentar en la\u00a0<strong>C\u00e1mara baja<\/strong>, en torno a la cr\u00edtica situaci\u00f3n que atraviesan los municipios en torno al\u00a0<strong>dengue<\/strong>. \u201c<strong>Es una enfermedad que lamentablemente estar\u00e1 con nosotros en el pr\u00f3ximo tiempo<\/strong>\u201d, reflexion\u00f3.<\/p>\n<p>Vale precisar que, adem\u00e1s del\u00a0<strong>presidente\u00a0<\/strong>de la\u00a0<strong>C\u00e1mara de Diputados bonaerenses<\/strong>,\u00a0<strong>Alejandro Dichiara<\/strong>, estuvieron presentes en el encuentro realizado el viernes, el titular del bloque <strong>UCR + Cambio Federal<\/strong>,\u00a0<strong>Diego Garciarena<\/strong>, y sus pares de bancada,\u00a0<strong>Emiliano Balb\u00edn\u00a0<\/strong>y\u00a0<strong>Silvina Vaccarezza<\/strong>. Como representantes del Senado, estuvieron presentes la legisladora\u00a0<strong>Nerina Neumann\u00a0<\/strong>y, el tambi\u00e9n m\u00e9dico,\u00a0<strong>Alejandro Cellillo<\/strong>.<\/p>\n<p>En esta l\u00ednea,\u00a0<strong>Valent\u00edn Miranda\u00a0<\/strong>dio detalles de la amplia trayectoria con la que cuenta la doctora\u00a0<strong>Cohen\u00a0<\/strong>entre los que destac\u00f3 como principales valores que es oriunda de\u00a0<strong>Trenque Launquen<\/strong>, estudi\u00f3 en la\u00a0<strong>Universidad Nacional de La Plata<\/strong>, fue la asesora de la ex\u00a0<strong>diputada bonaerense<\/strong>,\u00a0<strong>Silvia Zubillaga<\/strong>, y en 2020 recibi\u00f3 una distinci\u00f3n de la\u00a0<strong>C\u00e1mara baja\u00a0<\/strong>por sus aportes a la pandemia.<\/p>\n<p>\u201c<strong>Marta Cohen hoy nos viene a hablar de las enfermedades emergentes que nos dej\u00f3 la pandemia, como prevenir futuras pandemias y tambi\u00e9n con ella ven\u00edamos conversando sobre un tema que nos preocupa mucho hoy en la Argentina que es el dengue<\/strong>\u201d, indic\u00f3 el legislador radical de la Cuarta secci\u00f3n electoral. A la vez destac\u00f3 que elabor\u00f3 un proyecto para presentar en la C\u00e1mara Baja, con la asistencia de la doctora Cohen.<\/p>\n<p>En este sentido,\u00a0<strong>Miranda\u00a0<\/strong>indic\u00f3 que el proyecto pone el foco en una serie de medidas de prevenci\u00f3n y control del\u00a0<strong>dengue<\/strong>, y que propone trabajar de manera articulada con municipios, hospitales provinciales y con los\u00a0<strong>Colegios<\/strong>\u00a0de profesionales vinculados a la problem\u00e1tica, para que \u201cpuedan realizar aportes en el programa y el tratamiento de residuos\u201d.<\/p>\n<p><strong>\u201cLa mitad de la poblaci\u00f3n del mundo vive en zonas de riesgo de dengue, hay 40 mil muertes por a\u00f1o<\/strong>. En 2024 ya hubo 2 millones de casos y 500 fallecidos. Si no hacemos nada ahora, cuando llegue la primavera y el calor estaremos peor que en la actualidad y con m\u00e1s casos\u201d, enfatiz\u00f3 la doctora\u00a0<strong>Marta Cohen<\/strong>.<\/p>\n<p>Vale recordar que,\u00a0<strong>Miranda\u00a0<\/strong>le solicit\u00f3 al Ejecutivo de\u00a0<strong>Axel Kicillof<\/strong>\u00a0que se implementen medidas para evitar la propagaci\u00f3n del\u00a0<strong>dengue<\/strong>, principalmente en los municipios de la\u00a0<strong>provincia de Buenos Aires<\/strong>\u00a0que integran el\u00a0<strong>\u00c1rea Metropolitana<\/strong>\u00a0(<strong>AMBA<\/strong>) dado que, a principios de marzo, las guardias de los hospitales salieron a anunciar que estaban prontas a colapsar por la cantidad de casos.<\/p>\n<p>\u201cEl Ejecutivo ten\u00eda que tener una estrategia efectiva con diferentes aristas. En gran parte eso no se hizo y hoy los habitantes de toda la\u00a0<strong>provincia de Buenos Aires<\/strong>\u00a0est\u00e1 sufriendo las consecuencias\u201d, sostuvo\u00a0<strong>Miranda<\/strong>, en la primera sesi\u00f3n ordinaria del a\u00f1o de la\u00a0<strong>C\u00e1mara de Diputados<\/strong>.<\/p>\n<p>En la\u00a0<strong>C\u00e1mara<\/strong>\u00a0<strong>baja<\/strong>, los\u00a0<strong>diputados bonaerenses\u00a0<\/strong>del\u00a0<strong>PRO<\/strong>,\u00a0<strong>Alex Campbell\u00a0<\/strong>y\u00a0<strong>Mart\u00edn Endere<\/strong>, de la\u00a0<strong>Coalici\u00f3n C\u00edvica<\/strong>\u00a0(<strong>CC<\/strong>)\u00a0<strong>Maricel Etchecoin\u00a0<\/strong>y del\u00a0<strong>Frente de Izquierda y los Trabajadores \u2013 Unidad<\/strong>\u00a0(<strong>FIT-U<\/strong>)\u00a0<strong>Guillermo Kane<\/strong>, tambi\u00e9n le reclamaron al\u00a0<strong>Gobierno de Kicillof\u00a0<\/strong>respuestas ante el hist\u00f3rico avance de casos de\u00a0<strong>dengue<\/strong>. En el\u00a0<strong>Senado<\/strong>, la legisladora del bloque\u00a0<strong>UCR+Cambio Federal<\/strong>,\u00a0<strong>Eugenia Gil<\/strong>, hizo lo propio. <strong>(VW)<\/strong><\/p>\n","protected":false},"excerpt":{"rendered":"<p>En torno de un encuentro con la doctora Marta Cohen, los diputados Valent\u00edn Miranda y Alejandra Lord\u00e9n resaltaron su proyecto de prevenci\u00f3n del dengue. \u201cLa mitad de la poblaci\u00f3n del mundo vive en zonas&#46;&#46;&#46;<\/p>\n","protected":false},"author":4,"featured_media":14303,"comment_status":"closed","ping_status":"closed","sticky":false,"template":"","format":"standard","meta":{"_monsterinsights_skip_tracking":false,"_monsterinsights_sitenote_active":false,"_monsterinsights_sitenote_note":"","_monsterinsights_sitenote_category":0,"footnotes":""},"categories":[8,4],"tags":[2230,2301,928,5974,5973],"class_list":["post-14302","post","type-post","status-publish","format-standard","has-post-thumbnail","hentry","category-interes-general","category-politica","tag-alejandra-lorden","tag-diputados-bonaerenses","tag-marta-cohen","tag-proyecto-dengue","tag-valentinmiranda"],"_links":{"self":[{"href":"https:\/\/www.visionweb.com.ar\/index.php?rest_route=\/wp\/v2\/posts\/14302","targetHints":{"allow":["GET"]}}],"collection":[{"href":"https:\/\/www.visionweb.com.ar\/index.php?rest_route=\/wp\/v2\/posts"}],"about":[{"href":"https:\/\/www.visionweb.com.ar\/index.php?rest_route=\/wp\/v2\/types\/post"}],"author":[{"embeddable":true,"href":"https:\/\/www.visionweb.com.ar\/index.php?rest_route=\/wp\/v2\/users\/4"}],"replies":[{"embeddable":true,"href":"https:\/\/www.visionweb.com.ar\/index.php?rest_route=%2Fwp%2Fv2%2Fcomments&post=14302"}],"version-history":[{"count":1,"href":"https:\/\/www.visionweb.com.ar\/index.php?rest_route=\/wp\/v2\/posts\/14302\/revisions"}],"predecessor-version":[{"id":14304,"href":"https:\/\/www.visionweb.com.ar\/index.php?rest_route=\/wp\/v2\/posts\/14302\/revisions\/14304"}],"wp:featuredmedia":[{"embeddable":true,"href":"https:\/\/www.visionweb.com.ar\/index.php?rest_route=\/wp\/v2\/media\/14303"}],"wp:attachment":[{"href":"https:\/\/www.visionweb.com.ar\/index.php?rest_route=%2Fwp%2Fv2%2Fmedia&parent=14302"}],"wp:term":[{"taxonomy":"category","embeddable":true,"href":"https:\/\/www.visionweb.com.ar\/index.php?rest_route=%2Fwp%2Fv2%2Fcategories&post=14302"},{"taxonomy":"post_tag","embeddable":true,"href":"https:\/\/www.visionweb.com.ar\/index.php?rest_route=%2Fwp%2Fv2%2Ftags&post=14302"}],"curies":[{"name":"wp","href":"https:\/\/api.w.org\/{rel}","templated":true}]}}