{"id":14286,"date":"2024-04-19T11:34:24","date_gmt":"2024-04-19T14:34:24","guid":{"rendered":"https:\/\/www.visionweb.com.ar\/?p=14286"},"modified":"2024-04-19T11:34:24","modified_gmt":"2024-04-19T14:34:24","slug":"programa-argentina-emerge-lanzan-rebajas-en-pasajes-hoteles-y-paquetes-para-la-temporada-baja","status":"publish","type":"post","link":"https:\/\/www.visionweb.com.ar\/?p=14286","title":{"rendered":"\u201cPrograma Argentina Emerge\u201d: Lanzan rebajas en pasajes, hoteles y paquetes para la temporada baja"},"content":{"rendered":"<p><strong><em>Viajes low cost: El Gobierno lo anunci\u00f3 junto con representantes de las entidades que agrupan al sector privado de turismo. Habr\u00e1 descuentos para viajes por la Argentina.<\/em><\/strong><!--more--><\/p>\n<div id=\"attachment_14287\" style=\"width: 310px\" class=\"wp-caption alignright\"><img loading=\"lazy\" decoding=\"async\" aria-describedby=\"caption-attachment-14287\" class=\"wp-image-14287 size-medium\" src=\"https:\/\/www.visionweb.com.ar\/wp-content\/uploads\/2024\/04\/turismo.-francos-y-scioli-300x166.png\" alt=\"\" width=\"300\" height=\"166\" srcset=\"https:\/\/www.visionweb.com.ar\/wp-content\/uploads\/2024\/04\/turismo.-francos-y-scioli-300x166.png 300w, https:\/\/www.visionweb.com.ar\/wp-content\/uploads\/2024\/04\/turismo.-francos-y-scioli.png 465w\" sizes=\"auto, (max-width: 300px) 100vw, 300px\" \/><p id=\"caption-attachment-14287\" class=\"wp-caption-text\">Guillermo Francos, Daniel Scioli y Yanina Mart\u00ednez durante el anuncio. Foto Ministerio del Interior<\/p><\/div>\n<p><strong>\u00a0\u00a0\u00a0 E<\/strong>l\u00a0<strong>Gobierno <\/strong>present\u00f3 el<strong> programa \u00abArgentina Emerge\u00bb\u00a0<\/strong>con el fin de reactivar el turismo interno durante la\u00a0<strong>temporada baja<\/strong> con importantes descuentos, luego de varias ediciones de PreViaje del Gobierno anterior y en medio de la preocupaci\u00f3n del sector tur\u00edstico por la crisis.<\/p>\n<p>El lanzamiento del\u00a0<strong>nuevo programa libertario<\/strong>\u00a0estuvo a cargo del\u00a0<strong>ministro del Interior<\/strong>,\u00a0<strong>Guillermo Francos<\/strong>, acompa\u00f1ado del\u00a0<strong>secretario de Turismo, Ambiente y Deportes, Daniel Scioli,<\/strong>\u00a0quienes destacaron los atributos del nuevo proyecto nacional de apoyo al sector tur\u00edstico.<\/p>\n<p>En las \u00faltimas horas, el Gobierno y las empresas de turismo acordaron ofertas para incentivar los viajes a destinos nacionales, que i<strong>ncluyen descuentos del 30% en pasajes de larga distancia, 20% en hoteler\u00eda y paquetes con financiaci\u00f3n bancaria, adem\u00e1s de promociones 7\u00d76 (pagando seis, se obtienen siete) en pases de centros de esqu\u00ed<\/strong>.<\/p>\n<p>El consenso se logr\u00f3 luego de una reuni\u00f3n del ministro del Interior, Guillermo Francos; el secretario de Turismo, Ambiente y Deportes, Daniel Scioli, y la subsecretaria de Turismo, Yanina Mart\u00ednez, con las c\u00e1maras y asociaciones del sector, en la que dise\u00f1aron pol\u00edticas p\u00fablico-privadas para los pr\u00f3ximos dos meses y medio, previos a las vacaciones de invierno.<\/p>\n<p>De esta manera y ante la advertencia del sector por la ca\u00edda de \u201cventas de viajes\u201d, desde la Rosada decidieron dar impulso a este tipo de programas que ya vienen implementando en destinos y provincias.<\/p>\n<p>Tal es el caso de \u201cSale Mendoza\u201d que estuvo vigente en el verano, el PreViaje Iguaz\u00fa, que estar\u00e1 disponible hasta fines de junio o el Baricheck, una tarjeta digital que ofrece rebajas de la ciudad durante abril y mayo.<\/p>\n<p>Si bien dista del PreViaje que en sus cuatro ediciones devolvi\u00f3 el 50% de los gastos tur\u00edsticos en cr\u00e9dito para nuevos viajes y consumos en el pa\u00eds, la intenci\u00f3n del Gobierno es <strong>ofrecer un est\u00edmulo similar en medio de la crisis <\/strong>para que los argentinos contin\u00faen viajando, a la par que se desestacionaliza la industria, aunque <strong>esta vez no habr\u00e1 devoluci\u00f3n de dinero, sino rebajas<\/strong>.<\/p>\n<p><strong>Buscan replicar los resultados de la \u00faltima temporada baja invernal, en la que, por la inflaci\u00f3n y el salto del d\u00f3lar en la previa electoral, muchos aprovecharon para viajar como tambi\u00e9n adelantaron las compras de las vacaciones de julio y agosto<\/strong>.<\/p>\n<div id=\"attachment_11973\" style=\"width: 238px\" class=\"wp-caption alignleft\"><img loading=\"lazy\" decoding=\"async\" aria-describedby=\"caption-attachment-11973\" class=\"wp-image-11973 size-medium\" src=\"https:\/\/www.visionweb.com.ar\/wp-content\/uploads\/2023\/09\/bariloche-cajon-de-piedra-228x300.jpg\" alt=\"\" width=\"228\" height=\"300\" srcset=\"https:\/\/www.visionweb.com.ar\/wp-content\/uploads\/2023\/09\/bariloche-cajon-de-piedra-228x300.jpg 228w, https:\/\/www.visionweb.com.ar\/wp-content\/uploads\/2023\/09\/bariloche-cajon-de-piedra.jpg 324w\" sizes=\"auto, (max-width: 228px) 100vw, 228px\" \/><p id=\"caption-attachment-11973\" class=\"wp-caption-text\">EL caj\u00f3n de piedra, Bariloche. Foto archivo VW<\/p><\/div>\n<p>\u201cLa reuni\u00f3n fue productiva. Habr\u00e1 descuentos, bonificaciones, planes de pago y ofertas combinadas para la contrataci\u00f3n de servicios en los meses de menor demanda\u201d, apunt\u00f3 el <strong>presidente de la CAT, Gustavo Hani<\/strong>, quien particip\u00f3 del encuentro junto con Fernando Desbots, de la Federaci\u00f3n Empresaria Hotelera Gastron\u00f3mica de la Rep\u00fablica Argentina (Fehgra); Andr\u00e9s Deya, de la Federaci\u00f3n Argentina de Asociaciones de Empresas de Viajes y Turismo (Faevyt); Juan Pablo Padial, de la C\u00e1mara Argentina de Esqu\u00ed y Monta\u00f1a (CAEM); y Daniel Prieto, de la Asociaci\u00f3n de Hoteles, Restaurantes, Confiter\u00edas y Caf\u00e9s (Ahrcc), entre otros.<\/p>\n<p>Gabriela Ferrucci, presidenta de la Asociaci\u00f3n de Hoteles de Turismo (AHT), coincidi\u00f3 con Hani y destac\u00f3 la pr\u00f3rroga de Cuota Simple, las gestiones con el sector financiero y el desarrollo de una plataforma de beneficios a nivel nacional, donde cada empresa ofrecer\u00e1 los suyos y cuya difusi\u00f3n ser\u00e1 impulsada por la Secretar\u00eda de Turismo.<\/p>\n<p>Al respecto, la C\u00e1mara Empresaria de \u00d3mnibus de Larga Distancia (Celadi) adelant\u00f3 que los micros de larga distancia ofrecer\u00e1n 30% off con tarjeta de cr\u00e9dito a trav\u00e9s de Cuota Simple en d\u00edas seleccionados, en principio, los martes, mi\u00e9rcoles y s\u00e1bados. \u201cLa idea es arrancar a mediados de la semana pr\u00f3xima\u201d, anticip\u00f3 la entidad.<\/p>\n<p>Las l\u00edneas a\u00e9reas tambi\u00e9n activaron cuotas y descuentos, como as\u00ed las agencias de viajes. <strong>(VW)<\/strong><\/p>\n<p>&nbsp;<\/p>\n","protected":false},"excerpt":{"rendered":"<p>Viajes low cost: El Gobierno lo anunci\u00f3 junto con representantes de las entidades que agrupan al sector privado de turismo. Habr\u00e1 descuentos para viajes por la Argentina.<\/p>\n","protected":false},"author":4,"featured_media":11973,"comment_status":"closed","ping_status":"closed","sticky":false,"template":"","format":"standard","meta":{"_monsterinsights_skip_tracking":false,"_monsterinsights_sitenote_active":false,"_monsterinsights_sitenote_note":"","_monsterinsights_sitenote_category":0,"footnotes":""},"categories":[6,4,700],"tags":[451,5967,5965,2608,5966],"class_list":["post-14286","post","type-post","status-publish","format-standard","has-post-thumbnail","hentry","category-economia","category-politica","category-turismo","tag-descuentos","tag-francos","tag-programa-argentina-emerge","tag-scioli","tag-turismo-temporada-baj"],"_links":{"self":[{"href":"https:\/\/www.visionweb.com.ar\/index.php?rest_route=\/wp\/v2\/posts\/14286","targetHints":{"allow":["GET"]}}],"collection":[{"href":"https:\/\/www.visionweb.com.ar\/index.php?rest_route=\/wp\/v2\/posts"}],"about":[{"href":"https:\/\/www.visionweb.com.ar\/index.php?rest_route=\/wp\/v2\/types\/post"}],"author":[{"embeddable":true,"href":"https:\/\/www.visionweb.com.ar\/index.php?rest_route=\/wp\/v2\/users\/4"}],"replies":[{"embeddable":true,"href":"https:\/\/www.visionweb.com.ar\/index.php?rest_route=%2Fwp%2Fv2%2Fcomments&post=14286"}],"version-history":[{"count":1,"href":"https:\/\/www.visionweb.com.ar\/index.php?rest_route=\/wp\/v2\/posts\/14286\/revisions"}],"predecessor-version":[{"id":14288,"href":"https:\/\/www.visionweb.com.ar\/index.php?rest_route=\/wp\/v2\/posts\/14286\/revisions\/14288"}],"wp:featuredmedia":[{"embeddable":true,"href":"https:\/\/www.visionweb.com.ar\/index.php?rest_route=\/wp\/v2\/media\/11973"}],"wp:attachment":[{"href":"https:\/\/www.visionweb.com.ar\/index.php?rest_route=%2Fwp%2Fv2%2Fmedia&parent=14286"}],"wp:term":[{"taxonomy":"category","embeddable":true,"href":"https:\/\/www.visionweb.com.ar\/index.php?rest_route=%2Fwp%2Fv2%2Fcategories&post=14286"},{"taxonomy":"post_tag","embeddable":true,"href":"https:\/\/www.visionweb.com.ar\/index.php?rest_route=%2Fwp%2Fv2%2Ftags&post=14286"}],"curies":[{"name":"wp","href":"https:\/\/api.w.org\/{rel}","templated":true}]}}