{"id":14277,"date":"2024-04-18T16:45:47","date_gmt":"2024-04-18T19:45:47","guid":{"rendered":"https:\/\/www.visionweb.com.ar\/?p=14277"},"modified":"2024-04-18T16:49:18","modified_gmt":"2024-04-18T19:49:18","slug":"los-municipales-de-lanus-recibiran-un-aumento-del-30-a-cobrar-en-dos-cuotas","status":"publish","type":"post","link":"https:\/\/www.visionweb.com.ar\/?p=14277","title":{"rendered":"Los municipales de Lan\u00fas recibir\u00e1n un aumento del 30% a cobrar en dos cuotas"},"content":{"rendered":"<p><em><strong>Ser\u00e1 del 30 % en dos cuotas, 15% en Abril Y 15% en Mayo, acumulativo al mes de Marzo, y una nueva suma fija de $100.000.<\/strong><\/em><!--more--><\/p>\n<p><img loading=\"lazy\" decoding=\"async\" class=\"size-medium wp-image-3940 alignleft\" src=\"https:\/\/www.visionweb.com.ar\/wp-content\/uploads\/2021\/12\/municipalidad-lanus-1-300x191.jpg\" alt=\"\" width=\"300\" height=\"191\" srcset=\"https:\/\/www.visionweb.com.ar\/wp-content\/uploads\/2021\/12\/municipalidad-lanus-1-300x191.jpg 300w, https:\/\/www.visionweb.com.ar\/wp-content\/uploads\/2021\/12\/municipalidad-lanus-1.jpg 625w\" sizes=\"auto, (max-width: 300px) 100vw, 300px\" \/>El municipio anunci\u00f3 un aumento salarial del 30 por ciento para las y los trabajadores municipales, en dos cuotas a pagar en abril y mayo, y una suma fija de $100.000.<\/p>\n<p>El aumento salarial del personal municipal de Lan\u00fas viene en sintonia con el reciente aumento anunciado por el gobierno bonaerense que fue aceptado por las organizaciones gremiales<\/p>\n<p><span class=\"css-1qaijid r-bcqeeo r-qvutc0 r-poiln3\">\u00abFrente el permanente ajuste del Gobierno Nacional, desde\u00a0<\/span><span class=\"r-18u37iz\"><a class=\"css-1qaijid r-bcqeeo r-qvutc0 r-poiln3 r-1loqt21\" dir=\"ltr\" role=\"link\" href=\"https:\/\/twitter.com\/lanusmunicipio\">@lanusmunicipio,\u00a0<\/a><\/span><span class=\"css-1qaijid r-bcqeeo r-qvutc0 r-poiln3\"> continuamos haciendo grandes esfuerzos para mejorar las condiciones laborales de nuestros trabajadores\/as\u00bb, dijo el intendente<\/span><a class=\"css-1qaijid r-bcqeeo r-qvutc0 r-poiln3 r-1loqt21\" dir=\"ltr\" role=\"link\" href=\"https:\/\/twitter.com\/aJulianAlvarez\">@aJulianAlvarez<\/a><\/p>\n<p>De esta manera, desde que se inici\u00f3 la gesti\u00f3n de Alvarez, se produjo un aumento acumulado promedio del 140 por ciento, \u00abfrente al permanente ajuste del Gobierno Nacional\u00bb, aseguraron desde el Municipio<\/p>\n<p>El aumento a los empleados municipales se pagar\u00e1 de acuerdo al siguiente esquema:<img loading=\"lazy\" decoding=\"async\" class=\"size-medium wp-image-14278 alignright\" src=\"https:\/\/www.visionweb.com.ar\/wp-content\/uploads\/2024\/04\/AUMENTOS-300x300.png\" alt=\"\" width=\"300\" height=\"300\" srcset=\"https:\/\/www.visionweb.com.ar\/wp-content\/uploads\/2024\/04\/AUMENTOS-300x300.png 300w, https:\/\/www.visionweb.com.ar\/wp-content\/uploads\/2024\/04\/AUMENTOS-1024x1024.png 1024w, https:\/\/www.visionweb.com.ar\/wp-content\/uploads\/2024\/04\/AUMENTOS-150x150.png 150w, https:\/\/www.visionweb.com.ar\/wp-content\/uploads\/2024\/04\/AUMENTOS-768x768.png 768w, https:\/\/www.visionweb.com.ar\/wp-content\/uploads\/2024\/04\/AUMENTOS-80x80.png 80w, https:\/\/www.visionweb.com.ar\/wp-content\/uploads\/2024\/04\/AUMENTOS-320x320.png 320w, https:\/\/www.visionweb.com.ar\/wp-content\/uploads\/2024\/04\/AUMENTOS-65x65.png 65w, https:\/\/www.visionweb.com.ar\/wp-content\/uploads\/2024\/04\/AUMENTOS.png 1200w\" sizes=\"auto, (max-width: 300px) 100vw, 300px\" \/><\/p>\n<p><strong>Desde el Sindicato de Municipales<\/strong><\/p>\n<p>Tras conocerse el anuncio del gobierno municipal de llegar a un acuerdo, el Sindicato de Trabajadores Municipales de Lan\u00fas, record\u00f3 que este mi\u00e9rcoles, finalizaron las negociaciones paritarias en las que se cerr\u00f3 el acuerdo salarial para los meses de abril y mayo.<\/p>\n<p>De acuerdo a lo formalizado entre el gremio y el municipio, se aplicar\u00e1 un incremento sobre el b\u00e1sico de marzo \u00abuna demanda hist\u00f3rica de esta Instituci\u00f3n Gremial, en representaci\u00f3n de nuestros compa\u00f1eros y compa\u00f1eras\u00bb, dijo el gremio en un twitter.<\/p>\n<p>\u00abEsta recomposici\u00f3n es para todos los compa\u00f1eros y compa\u00f1eras que alcanza al personal permanente, contratado, carrera docente y carera profesional sanitaria y jubilados\u00bb, consign\u00f3 el Gremio.<\/p>\n<p>De esta forma la recomposici\u00f3n salarial que va desde el mes de febrero hasta mayo, es de un 200% como m\u00ednimo, se\u00f1al\u00f3 el sindicato.<\/p>\n<p>El b\u00e1sico de abril se incrementar\u00e1 en un 15%, en base al b\u00e1sico de marzo. En mayo se aumentar\u00e1 un 15% m\u00e1s y habr\u00e1 una bonificaci\u00f3n de $100.000 para todo el personal municipal. <strong>(VW)<\/strong><\/p>\n","protected":false},"excerpt":{"rendered":"<p>Ser\u00e1 del 30 % en dos cuotas, 15% en Abril Y 15% en Mayo, acumulativo al mes de Marzo, y una nueva suma fija de $100.000.<\/p>\n","protected":false},"author":3,"featured_media":3940,"comment_status":"closed","ping_status":"closed","sticky":false,"template":"","format":"standard","meta":{"_monsterinsights_skip_tracking":false,"_monsterinsights_sitenote_active":false,"_monsterinsights_sitenote_note":"","_monsterinsights_sitenote_category":0,"footnotes":""},"categories":[4],"tags":[],"class_list":["post-14277","post","type-post","status-publish","format-standard","has-post-thumbnail","hentry","category-politica"],"_links":{"self":[{"href":"https:\/\/www.visionweb.com.ar\/index.php?rest_route=\/wp\/v2\/posts\/14277","targetHints":{"allow":["GET"]}}],"collection":[{"href":"https:\/\/www.visionweb.com.ar\/index.php?rest_route=\/wp\/v2\/posts"}],"about":[{"href":"https:\/\/www.visionweb.com.ar\/index.php?rest_route=\/wp\/v2\/types\/post"}],"author":[{"embeddable":true,"href":"https:\/\/www.visionweb.com.ar\/index.php?rest_route=\/wp\/v2\/users\/3"}],"replies":[{"embeddable":true,"href":"https:\/\/www.visionweb.com.ar\/index.php?rest_route=%2Fwp%2Fv2%2Fcomments&post=14277"}],"version-history":[{"count":1,"href":"https:\/\/www.visionweb.com.ar\/index.php?rest_route=\/wp\/v2\/posts\/14277\/revisions"}],"predecessor-version":[{"id":14279,"href":"https:\/\/www.visionweb.com.ar\/index.php?rest_route=\/wp\/v2\/posts\/14277\/revisions\/14279"}],"wp:featuredmedia":[{"embeddable":true,"href":"https:\/\/www.visionweb.com.ar\/index.php?rest_route=\/wp\/v2\/media\/3940"}],"wp:attachment":[{"href":"https:\/\/www.visionweb.com.ar\/index.php?rest_route=%2Fwp%2Fv2%2Fmedia&parent=14277"}],"wp:term":[{"taxonomy":"category","embeddable":true,"href":"https:\/\/www.visionweb.com.ar\/index.php?rest_route=%2Fwp%2Fv2%2Fcategories&post=14277"},{"taxonomy":"post_tag","embeddable":true,"href":"https:\/\/www.visionweb.com.ar\/index.php?rest_route=%2Fwp%2Fv2%2Ftags&post=14277"}],"curies":[{"name":"wp","href":"https:\/\/api.w.org\/{rel}","templated":true}]}}