{"id":14267,"date":"2024-04-18T08:50:11","date_gmt":"2024-04-18T11:50:11","guid":{"rendered":"https:\/\/www.visionweb.com.ar\/?p=14267"},"modified":"2024-04-18T08:50:11","modified_gmt":"2024-04-18T11:50:11","slug":"suteba-docentes-aceptan-aumento-del-95","status":"publish","type":"post","link":"https:\/\/www.visionweb.com.ar\/?p=14267","title":{"rendered":"Suteba: Docentes aceptan aumento del 9,5%"},"content":{"rendered":"<p><em><strong>Un maestro con 24 a\u00f1os de antig\u00fcedad cobrar\u00e1 poco m\u00e1s de $576.000.\u00a0 La respuesta del otro gremio fuerte, la FEB.<\/strong><\/em> <!--more--><\/p>\n<p><img loading=\"lazy\" decoding=\"async\" class=\"size-medium wp-image-14268 alignright\" src=\"https:\/\/www.visionweb.com.ar\/wp-content\/uploads\/2024\/04\/ANUNCIO-AUMENTO-DOCENTES-300x200.png\" alt=\"\" width=\"300\" height=\"200\" srcset=\"https:\/\/www.visionweb.com.ar\/wp-content\/uploads\/2024\/04\/ANUNCIO-AUMENTO-DOCENTES-300x200.png 300w, https:\/\/www.visionweb.com.ar\/wp-content\/uploads\/2024\/04\/ANUNCIO-AUMENTO-DOCENTES.png 640w\" sizes=\"auto, (max-width: 300px) 100vw, 300px\" \/>Los docentes nucleados en el Suteba, uno de los gremios mayoritarios de la provincia de Buenos Aires, aceptaron por amplia mayor\u00eda la oferta salarial que present\u00f3 la administraci\u00f3n de Axel Kicillof y que consiste en un 9,5% de suba para abril.<\/p>\n<p>Seg\u00fan informaron desde el gremio que conduce Roberto Baradel, el plenario \u201caprob\u00f3 por ampl\u00edsima mayor\u00eda\u201d la propuesta. De esta manera, un maestro de grado con jornada simple pasar\u00e1 a cobrar $420 mil, con jornada completa $840 mil y con jornada extendida con quinta hora $531.529.<\/p>\n<p>Tras el visto bueno de Suteba, ahora se espera la respuesta del otro gremio fuerte, la FEB, que en principio responder\u00eda el viernes.<\/p>\n<p>\u00abResaltamos que, desde el Frente de Unidad Docente Bonaerense, se tom\u00f3 la decisi\u00f3n un\u00e1nime de participar en la movilizaci\u00f3n el 23\/04 a Plaza de Mayo para rechazar el recorte salarial, el ajuste y reclamar por la restituci\u00f3n de los Fondos que le corresponden a la provincia de Buenos Aires para Salud, Educaci\u00f3n, Seguridad y Obra P\u00fablica\u00bb, consign\u00f3 en twiiter (X) el Gremio .<\/p>\n<p>Seg\u00fan una escala salarial, un maestro de grado con jornada simple que cuente con 24 a\u00f1os de antig\u00fcedad alcanzar\u00e1 los $ 576.541. En el caso de los preceptores, el salario quedar\u00eda en $ 353.093 para el que reci\u00e9n se inicia y en $ 495.000 para el que tiene 24 a\u00f1os de antig\u00fcedad. En tanto, un profesor con 20 m\u00f3dulos cobrar\u00eda $ 565.702 y un director con la m\u00ednima antig\u00fcedad $ 584.518.<\/p>\n<p>Cabe destacar que desde el Frente de Unidad Docente Bonaerense (que integran todos los gremios), se tom\u00f3 la decisi\u00f3n un\u00e1nime de participar en la movilizaci\u00f3n el d\u00eda 23 a Plaza de Mayo para rechazar el recorte salarial, el ajuste y reclamar por la restituci\u00f3n de los Fondos que le corresponden a la provincia de Buenos Aires para Salud, Educaci\u00f3n, Seguridad y Obra P\u00fablica<strong>(VW)<\/strong>.<\/p>\n","protected":false},"excerpt":{"rendered":"<p>Un maestro con 24 a\u00f1os de antig\u00fcedad cobrar\u00e1 poco m\u00e1s de $576.000.\u00a0 La respuesta del otro gremio fuerte, la FEB.<\/p>\n","protected":false},"author":3,"featured_media":14268,"comment_status":"closed","ping_status":"closed","sticky":false,"template":"","format":"standard","meta":{"_monsterinsights_skip_tracking":false,"_monsterinsights_sitenote_active":false,"_monsterinsights_sitenote_note":"","_monsterinsights_sitenote_category":0,"footnotes":""},"categories":[4],"tags":[141,410,56,2159],"class_list":["post-14267","post","type-post","status-publish","format-standard","has-post-thumbnail","hentry","category-politica","tag-aumentos","tag-docentes","tag-salarios","tag-suteba"],"_links":{"self":[{"href":"https:\/\/www.visionweb.com.ar\/index.php?rest_route=\/wp\/v2\/posts\/14267","targetHints":{"allow":["GET"]}}],"collection":[{"href":"https:\/\/www.visionweb.com.ar\/index.php?rest_route=\/wp\/v2\/posts"}],"about":[{"href":"https:\/\/www.visionweb.com.ar\/index.php?rest_route=\/wp\/v2\/types\/post"}],"author":[{"embeddable":true,"href":"https:\/\/www.visionweb.com.ar\/index.php?rest_route=\/wp\/v2\/users\/3"}],"replies":[{"embeddable":true,"href":"https:\/\/www.visionweb.com.ar\/index.php?rest_route=%2Fwp%2Fv2%2Fcomments&post=14267"}],"version-history":[{"count":1,"href":"https:\/\/www.visionweb.com.ar\/index.php?rest_route=\/wp\/v2\/posts\/14267\/revisions"}],"predecessor-version":[{"id":14269,"href":"https:\/\/www.visionweb.com.ar\/index.php?rest_route=\/wp\/v2\/posts\/14267\/revisions\/14269"}],"wp:featuredmedia":[{"embeddable":true,"href":"https:\/\/www.visionweb.com.ar\/index.php?rest_route=\/wp\/v2\/media\/14268"}],"wp:attachment":[{"href":"https:\/\/www.visionweb.com.ar\/index.php?rest_route=%2Fwp%2Fv2%2Fmedia&parent=14267"}],"wp:term":[{"taxonomy":"category","embeddable":true,"href":"https:\/\/www.visionweb.com.ar\/index.php?rest_route=%2Fwp%2Fv2%2Fcategories&post=14267"},{"taxonomy":"post_tag","embeddable":true,"href":"https:\/\/www.visionweb.com.ar\/index.php?rest_route=%2Fwp%2Fv2%2Ftags&post=14267"}],"curies":[{"name":"wp","href":"https:\/\/api.w.org\/{rel}","templated":true}]}}