{"id":14261,"date":"2024-04-17T08:42:46","date_gmt":"2024-04-17T11:42:46","guid":{"rendered":"https:\/\/www.visionweb.com.ar\/?p=14261"},"modified":"2024-04-17T08:42:46","modified_gmt":"2024-04-17T11:42:46","slug":"paritaria-bonaerense-los-gremios-aceptan-un-aumento-de-95-en-los-salarios","status":"publish","type":"post","link":"https:\/\/www.visionweb.com.ar\/?p=14261","title":{"rendered":"Paritaria bonaerense: Los gremios aceptan un aumento de 9,5% en los salarios"},"content":{"rendered":"<p><strong><em>ATE Buenos Aires hizo\u00a0un pedido formal de mesa t\u00e9cnica para reglamentar el art\u00edculo 64 de la ley 10.430. Se acord\u00f3 adem\u00e1s la reapertura de la mesa paritaria durante el mes de mayo.<\/em><\/strong><!--more--><\/p>\n<p><img loading=\"lazy\" decoding=\"async\" class=\"size-medium wp-image-6977 alignright\" src=\"https:\/\/www.visionweb.com.ar\/wp-content\/uploads\/2022\/08\/ESTATALES-PIDEN-REABRIR-LAS-PARITARIAS-CADA-TRES-MESES-300x169.png\" alt=\"\" width=\"300\" height=\"169\" srcset=\"https:\/\/www.visionweb.com.ar\/wp-content\/uploads\/2022\/08\/ESTATALES-PIDEN-REABRIR-LAS-PARITARIAS-CADA-TRES-MESES-300x169.png 300w, https:\/\/www.visionweb.com.ar\/wp-content\/uploads\/2022\/08\/ESTATALES-PIDEN-REABRIR-LAS-PARITARIAS-CADA-TRES-MESES.png 640w\" sizes=\"auto, (max-width: 300px) 100vw, 300px\" \/>El Gobierno bonaerense se reuni\u00f3 este martes\u00a0<strong>con los sindicatos que representan a los trabajadores estatales de la ley 10.430<\/strong>\u00a0y reg\u00edmenes especiales, en el marco de las negociaciones paritarias de los sectores,\u00a0<strong>y ofreci\u00f3 un aumento del 9,5% a pagar a fin de mes<\/strong>,\u00a0<strong>que fue aceptado.<\/strong><\/p>\n<p>\u201cLa propuesta del 9,5 ofrecida por el ejecutivo\u00a0<strong>logra alcanzar un aumento acumulado para el primer trimestre del 51,7% sobre una inflaci\u00f3n\u00a0<\/strong>para el mismo periodo del 51,6%. En este sentido es que nuestra organizaci\u00f3n sindical decidi\u00f3 aprobar la propuesta. Asimismo\u00a0<strong>solicitamos la mesa t\u00e9cnica para los trabajadores auxiliares de la educaci\u00f3n, de ni\u00f1ez y de salud<\/strong>\u201c, indicaron dese ATE bonaerense.<\/p>\n<p>El Secretario General, Claudio Ar\u00e9valo, se\u00f1al\u00f3: \u201cEn un contexto de ajuste brutal del gobierno nacional que\u00a0<strong>implica el recorte de recursos sobre la provincia de Buenos Aires en miles de millones de pesos\u00a0<\/strong>valoramos que el gobierno provincial sostenga la negociaci\u00f3n colectiva mensual y que siga haciendo los mayores esfuerzos para sostener el salario de los estatales\u201d.<\/p>\n<p>Asimismo, ATE Buenos Aires hizo\u00a0<strong>un pedido formal de mesa t\u00e9cnica<\/strong>\u00a0para reglamentar el art\u00edculo 64 de la ley 10.430, que establece un permiso especial con goce de haberes para justificar ausencia de aquellos trabajadores que deben concurrir en horario laboral a realizarse tratamientos m\u00e9dicos por patolog\u00edas cr\u00f3nicas.<\/p>\n<p>En tanto, en la reuni\u00f3n con el Gobierno se acord\u00f3 adem\u00e1s\u00a0<strong>la reapertura de la mesa paritaria durante el mes de mayo,<\/strong>\u00a0con el fin de establecer un nuevo incremento ante la p\u00e9rdida de poder adquisitivo de los trabajadores.<\/p>\n<p>M\u00e1s tarde,\u00a0<strong>los gremios docentes fueron recibidos por el Gobierno y recibieron el mismo ofrecimiento del 9,5%<\/strong>, que era evaluado, aunque la mayor\u00eda de los sindicatos habr\u00edan considerado positivamente la propuesta. La definici\u00f3n del acuerdo se espera para el mi\u00e9rcoles.<\/p>\n<p>El Ejecutivo\u00a0<strong>llam\u00f3 a negociar nuevamente a los distintos sectores<\/strong>\u00a0tras pedidos de reapertura realizados la semana pasada por ATE, UPCN, el FUDB (Suteba, FEB, Udocba, Sadop y AMET) y la AJB.<\/p>\n<p>La Provincia ya otorg\u00f3\u00a0<strong>tres aumentos\u00a0<\/strong>en lo que va del a\u00f1o a los distintos sectores de estatales: un 25% en enero (de los cuales 15 puntos correspondieron al cierre del periodo 2023), 20% en febrero y un 13,5% en marzo.<strong>(VW)<\/strong><\/p>\n","protected":false},"excerpt":{"rendered":"<p>ATE Buenos Aires hizo\u00a0un pedido formal de mesa t\u00e9cnica para reglamentar el art\u00edculo 64 de la ley 10.430. Se acord\u00f3 adem\u00e1s la reapertura de la mesa paritaria durante el mes de mayo.<\/p>\n","protected":false},"author":3,"featured_media":6977,"comment_status":"closed","ping_status":"closed","sticky":false,"template":"","format":"standard","meta":{"_monsterinsights_skip_tracking":false,"_monsterinsights_sitenote_active":false,"_monsterinsights_sitenote_note":"","_monsterinsights_sitenote_category":0,"footnotes":""},"categories":[4],"tags":[],"class_list":["post-14261","post","type-post","status-publish","format-standard","has-post-thumbnail","hentry","category-politica"],"_links":{"self":[{"href":"https:\/\/www.visionweb.com.ar\/index.php?rest_route=\/wp\/v2\/posts\/14261","targetHints":{"allow":["GET"]}}],"collection":[{"href":"https:\/\/www.visionweb.com.ar\/index.php?rest_route=\/wp\/v2\/posts"}],"about":[{"href":"https:\/\/www.visionweb.com.ar\/index.php?rest_route=\/wp\/v2\/types\/post"}],"author":[{"embeddable":true,"href":"https:\/\/www.visionweb.com.ar\/index.php?rest_route=\/wp\/v2\/users\/3"}],"replies":[{"embeddable":true,"href":"https:\/\/www.visionweb.com.ar\/index.php?rest_route=%2Fwp%2Fv2%2Fcomments&post=14261"}],"version-history":[{"count":1,"href":"https:\/\/www.visionweb.com.ar\/index.php?rest_route=\/wp\/v2\/posts\/14261\/revisions"}],"predecessor-version":[{"id":14262,"href":"https:\/\/www.visionweb.com.ar\/index.php?rest_route=\/wp\/v2\/posts\/14261\/revisions\/14262"}],"wp:featuredmedia":[{"embeddable":true,"href":"https:\/\/www.visionweb.com.ar\/index.php?rest_route=\/wp\/v2\/media\/6977"}],"wp:attachment":[{"href":"https:\/\/www.visionweb.com.ar\/index.php?rest_route=%2Fwp%2Fv2%2Fmedia&parent=14261"}],"wp:term":[{"taxonomy":"category","embeddable":true,"href":"https:\/\/www.visionweb.com.ar\/index.php?rest_route=%2Fwp%2Fv2%2Fcategories&post=14261"},{"taxonomy":"post_tag","embeddable":true,"href":"https:\/\/www.visionweb.com.ar\/index.php?rest_route=%2Fwp%2Fv2%2Ftags&post=14261"}],"curies":[{"name":"wp","href":"https:\/\/api.w.org\/{rel}","templated":true}]}}