{"id":14254,"date":"2024-04-16T17:31:43","date_gmt":"2024-04-16T20:31:43","guid":{"rendered":"https:\/\/www.visionweb.com.ar\/?p=14254"},"modified":"2024-04-16T17:31:43","modified_gmt":"2024-04-16T20:31:43","slug":"convocatoria-al-programa-desarrollo-rural-bonaerense","status":"publish","type":"post","link":"https:\/\/www.visionweb.com.ar\/?p=14254","title":{"rendered":"Convocatoria al programa Desarrollo Rural Bonaerense"},"content":{"rendered":"<p><em>S<strong>e trata de una iniciativa que financia el acompa\u00f1amiento profesional a pymes agropecuarias, productores familiares, y cooperativas.<\/strong><strong> El programa priorizar\u00e1 proyectos vinculados a la producci\u00f3n ganadera, proyectos hort\u00edcolas y proyectos vinculados al sector de la pesca. Hasta el 29 de abril se pueden presentar proyectos.<\/strong><\/em><!--more--><\/p>\n<p><strong><img loading=\"lazy\" decoding=\"async\" class=\"size-medium wp-image-14255 alignright\" src=\"https:\/\/www.visionweb.com.ar\/wp-content\/uploads\/2024\/04\/desarrollo-rural-bonaerense-300x290.png\" alt=\"\" width=\"300\" height=\"290\" srcset=\"https:\/\/www.visionweb.com.ar\/wp-content\/uploads\/2024\/04\/desarrollo-rural-bonaerense-300x290.png 300w, https:\/\/www.visionweb.com.ar\/wp-content\/uploads\/2024\/04\/desarrollo-rural-bonaerense.png 371w\" sizes=\"auto, (max-width: 300px) 100vw, 300px\" \/>\u00a0\u00a0\u00a0\u00a0 E<\/strong>l <strong>Ministerio de Desarrollo Agrario bonaerense<\/strong> lanz\u00f3 la <strong>cuarta convocatoria anual al programa Desarrollo Rural Bonaerense<\/strong>, que tiene por objetivos promover la innovaci\u00f3n tecnol\u00f3gica y fortalecer la competitividad y la sustentabilidad de la producci\u00f3n agropecuaria y agroalimentaria local y regional.<\/p>\n<p>\u201cDesde el Estado provincial lanzamos esta nueva convocatoria que financia el acompa\u00f1amiento de un profesional a grupos de productores\u201d, explic\u00f3 el ministro de Desarrollo Agrario, Javier Rodr\u00edguez.<\/p>\n<p>Y detall\u00f3: \u201cNuestro <strong>objetivo es una producci\u00f3n con productores<\/strong>; con m\u00e1s valor agregado local y un mayor desarrollo en todo el territorio bonaerense. Por eso, para nosotros es una satisfacci\u00f3n estar realizando esta convocatoria del programa de Desarrollo Rural Bonaerense, que va ya por su cuarta edici\u00f3n, y que <strong>favorece el asociativismo, la industrializaci\u00f3n y el arraigo en cada regi\u00f3n de la Provincia<\/strong>\u201d.<\/p>\n<p>El programa <strong>Desarrollo Rural Bonaerense busca impulsar el desarrollo tecnol\u00f3gico y organizacional a trav\u00e9s de la financiaci\u00f3n del asesoramiento t\u00e9cnico<\/strong> de proyectos presentados por grupos de productoras y productores (pymes agropecuarias, productores familiares, y cooperativas) que deseen incorporar nuevas tecnolog\u00edas a su actividad, agregar valor a sus producciones o iniciar la transici\u00f3n hacia formas de producci\u00f3n m\u00e1s sustentables.<\/p>\n<p><img loading=\"lazy\" decoding=\"async\" class=\"size-medium wp-image-14256 alignleft\" src=\"https:\/\/www.visionweb.com.ar\/wp-content\/uploads\/2024\/04\/produccion-horticola-300x169.png\" alt=\"\" width=\"300\" height=\"169\" srcset=\"https:\/\/www.visionweb.com.ar\/wp-content\/uploads\/2024\/04\/produccion-horticola-300x169.png 300w, https:\/\/www.visionweb.com.ar\/wp-content\/uploads\/2024\/04\/produccion-horticola.png 447w\" sizes=\"auto, (max-width: 300px) 100vw, 300px\" \/>En esta oportunidad, <strong>el programa priorizar\u00e1 proyectos vinculados a la producci\u00f3n ganadera<\/strong> en las regiones donde se instalar\u00e1n frigor\u00edficos y salas de faena; producciones agroecol\u00f3gicas en zonas de exclusi\u00f3n de aplicaciones de agroqu\u00edmicos; pymes y cooperativas con productores de perfil chacarero capitalizado; <strong>proyectos hort\u00edcolas <\/strong>que fortalezcan los Mercados Bonaerenses y Frutihort\u00edcolas de Coronel Su\u00e1rez y Pehuaj\u00f3; y proyectos vinculados al sector de la pesca.<\/p>\n<p>La convocatoria para presentar proyectos estar\u00e1 abierta hasta el 29 de abril. Aquellos interesados pueden acceder al formulario de inscripci\u00f3n y mayor informaci\u00f3n ingresando a:\u00a0\u00a0<a href=\"https:\/\/www.gba.gob.ar\/desarrollo_agrario\/PBDR\/convocatoria\">https:\/\/www.gba.gob.ar\/desarrollo_agrario\/PBDR\/convocatoria<\/a>.<\/p>\n<p>Rodr\u00edguez destac\u00f3 que su cartera busca \u201c<strong>acompa\u00f1ar a todas las producciones agropecuarias y agroalimentarias de la provincia <\/strong>con el objetivo de <strong>generar m\u00e1s empleo<\/strong> y lograr que cada bonaerense tenga las mismas <strong>oportunidades de desarrollo en el lugar en donde naci\u00f3<\/strong>\u201d. <strong>(VW)<\/strong><\/p>\n<p>&nbsp;<\/p>\n","protected":false},"excerpt":{"rendered":"<p>Se trata de una iniciativa que financia el acompa\u00f1amiento profesional a pymes agropecuarias, productores familiares, y cooperativas. El programa priorizar\u00e1 proyectos vinculados a la producci\u00f3n ganadera, proyectos hort\u00edcolas y proyectos vinculados al sector de&#46;&#46;&#46;<\/p>\n","protected":false},"author":4,"featured_media":14256,"comment_status":"closed","ping_status":"closed","sticky":false,"template":"","format":"standard","meta":{"_monsterinsights_skip_tracking":false,"_monsterinsights_sitenote_active":false,"_monsterinsights_sitenote_note":"","_monsterinsights_sitenote_category":0,"footnotes":""},"categories":[8],"tags":[876,5951,3652,5950],"class_list":["post-14254","post","type-post","status-publish","format-standard","has-post-thumbnail","hentry","category-interes-general","tag-convocatoria","tag-desarrollo-rural-bonaerense","tag-javier-rodriguez","tag-ministerio-agrario-bonaerense"],"_links":{"self":[{"href":"https:\/\/www.visionweb.com.ar\/index.php?rest_route=\/wp\/v2\/posts\/14254","targetHints":{"allow":["GET"]}}],"collection":[{"href":"https:\/\/www.visionweb.com.ar\/index.php?rest_route=\/wp\/v2\/posts"}],"about":[{"href":"https:\/\/www.visionweb.com.ar\/index.php?rest_route=\/wp\/v2\/types\/post"}],"author":[{"embeddable":true,"href":"https:\/\/www.visionweb.com.ar\/index.php?rest_route=\/wp\/v2\/users\/4"}],"replies":[{"embeddable":true,"href":"https:\/\/www.visionweb.com.ar\/index.php?rest_route=%2Fwp%2Fv2%2Fcomments&post=14254"}],"version-history":[{"count":1,"href":"https:\/\/www.visionweb.com.ar\/index.php?rest_route=\/wp\/v2\/posts\/14254\/revisions"}],"predecessor-version":[{"id":14257,"href":"https:\/\/www.visionweb.com.ar\/index.php?rest_route=\/wp\/v2\/posts\/14254\/revisions\/14257"}],"wp:featuredmedia":[{"embeddable":true,"href":"https:\/\/www.visionweb.com.ar\/index.php?rest_route=\/wp\/v2\/media\/14256"}],"wp:attachment":[{"href":"https:\/\/www.visionweb.com.ar\/index.php?rest_route=%2Fwp%2Fv2%2Fmedia&parent=14254"}],"wp:term":[{"taxonomy":"category","embeddable":true,"href":"https:\/\/www.visionweb.com.ar\/index.php?rest_route=%2Fwp%2Fv2%2Fcategories&post=14254"},{"taxonomy":"post_tag","embeddable":true,"href":"https:\/\/www.visionweb.com.ar\/index.php?rest_route=%2Fwp%2Fv2%2Ftags&post=14254"}],"curies":[{"name":"wp","href":"https:\/\/api.w.org\/{rel}","templated":true}]}}