{"id":14251,"date":"2024-04-16T16:58:06","date_gmt":"2024-04-16T19:58:06","guid":{"rendered":"https:\/\/www.visionweb.com.ar\/?p=14251"},"modified":"2024-04-16T16:58:06","modified_gmt":"2024-04-16T19:58:06","slug":"legislatura-bonaerense-proyecto-para-que-la-vacuna-contra-el-herpes-zoster-sea-obligatoria","status":"publish","type":"post","link":"https:\/\/www.visionweb.com.ar\/?p=14251","title":{"rendered":"Legislatura bonaerense: Proyecto para que la vacuna contra el herpes zoster sea obligatoria"},"content":{"rendered":"<p><em><strong>La diputada radical, Alejandra Lord\u00e9n, present\u00f3 un proyecto en la Legislatura bonaerense para exigir la inclusi\u00f3n de la vacuna contra el herpes z\u00f3ster en el calendario anual.<\/strong><\/em><!--more--><\/p>\n<p><strong> <img loading=\"lazy\" decoding=\"async\" class=\"size-medium wp-image-14252 alignright\" src=\"https:\/\/www.visionweb.com.ar\/wp-content\/uploads\/2024\/04\/vacuna-herpes-zoster-300x189.png\" alt=\"\" width=\"300\" height=\"189\" srcset=\"https:\/\/www.visionweb.com.ar\/wp-content\/uploads\/2024\/04\/vacuna-herpes-zoster-300x189.png 300w, https:\/\/www.visionweb.com.ar\/wp-content\/uploads\/2024\/04\/vacuna-herpes-zoster.png 496w\" sizes=\"auto, (max-width: 300px) 100vw, 300px\" \/>\u00a0\u00a0 L<\/strong>a\u00a0<strong>diputada del bloque UCR + Cambio Federal<\/strong>,\u00a0<strong>Alejandra<\/strong>\u00a0<strong>Lord\u00e9n<\/strong>, present\u00f3 un proyecto en la\u00a0<strong>Legislatura bonaerense<\/strong>\u00a0para pedir la inclusi\u00f3n en el\u00a0<strong>calendario obligatorio anual<\/strong>\u00a0de la\u00a0<strong>vacuna contra el herpes z\u00f3ster<\/strong>, una enfermedad com\u00fanmente conocida como \u201c<strong>culebrilla<\/strong>\u201c.<\/p>\n<p>En ese sentido,\u00a0<strong>Lord\u00e9n<\/strong>\u00a0reclam\u00f3 que el\u00a0<strong>Ministerio de Salud\u00a0<\/strong>bonaerense \u201cestudie la posibilidad de incorporar dentro del calendario oficial\u00a0<strong>una vacuna contra el herpes zoster<\/strong>, destinada a personas adultas a partir de los 50 a\u00f1os de edad y a mayores de 18 que integren grupos con mayor riesgo de\u00a0<strong>herpes z\u00f3ster<\/strong>, como las personas con inmunocompromiso\u201d.<\/p>\n<p>Asimismo, la m\u00e9dica y\u00a0<strong>vicepresidenta 5\u00b0 de la C\u00e1mara de Diputados bonaerense<\/strong>\u00a0argument\u00f3 que las complicaciones del\u00a0<strong>herpes z\u00f3ster\u00a0<\/strong>son \u201cm\u00e1s frecuentes en adultos mayores y una de las complicaciones es la neuralgia post herp\u00e9tica, que genera un gran impacto en la calidad de vida\u201d.<\/p>\n<p>Cabe destacar que, el\u00a0<strong>hesper z\u00f3ster\u00a0<\/strong>es una enfermedad causada por la reactivaci\u00f3n del\u00a0<strong>virus varicela z\u00f3ster<\/strong>, un\u00a0<strong>virus ADN bicatenario\u00a0<\/strong>que tiene como edad de presentaci\u00f3n m\u00e1s frecuente los\u00a0<strong>50 a\u00f1os<\/strong>, y cuya principal v\u00eda de transmisi\u00f3n es la respiratoria.<\/p>\n<p>La primera infecci\u00f3n del\u00a0<strong>virus<\/strong>, es una\u00a0<strong>varicela\u00a0<\/strong>altamente contagiosa caracterizada por un exantema vesicular pruginioso, que se da predominantemente en ni\u00f1os con picos en invierno y primavera. Como ya es conocido, la varicela genera una inmunidad de por vida,\u00a0<strong>no obstante, hay casos particulares en el que el cuadro puede volver a aparecer, gener\u00e1ndose as\u00ed el h\u00e9rpes zoster<\/strong>.<\/p>\n<p>\u201cEl virus inicia su replicaci\u00f3n en el ganglio, produce destrucci\u00f3n neuronal, y desencadena una respuesta inmune tanto celular como humoral. L<strong>a respuesta inmune celular es clave en la protecci\u00f3n de la enfermedad<\/strong>, cuando este declina resulta el escenario adecuado para el desarrollo del episodio\u201d, puntualiz\u00f3\u00a0<strong>Lord\u00e9n<\/strong>.<\/p>\n<p>Los primeros <strong>s\u00edntomas<\/strong> del\u00a0<strong>herpes z\u00f3ster<\/strong>, <strong>son dolor, picaz\u00f3n, hormigueo, y sensibilidad al tacto en el t\u00f3rax, el abdomen y\/o en la cara<\/strong>. En la fase aguda de la enfermedad, aparece la\u00a0<strong>erupci\u00f3n cut\u00e1nea<\/strong>\u00a0con ampollas en las zonas afectadas, acompa\u00f1adas de un agudo dolor. Al cabo de unos diez d\u00edas, las ampollas se convierten en costras que, normalmente, duran entre dos y cuatro semanas.<\/p>\n<p>Seg\u00fan la\u00a0<strong>diputada bonaerense<\/strong>, solo entre 1 y el 5% de los pacientes sufren una recurrencia de\u00a0<strong>herpes z\u00f3ster<\/strong>, mientras que una de cada tres personas lo desarrollar\u00e1 a lo largo de su vida. Adem\u00e1s,\u00a0<strong>Lord\u00e9n\u00a0<\/strong>enfatiz\u00f3 en que, mientras m\u00e1s mayor sea el individuo que contrae el virus, mayor es la gravedad.<\/p>\n<p>De acuerdo a la\u00a0<strong>diputada bonaerense<\/strong>, el 60% de los casos de\u00a0<strong>herpes z\u00f3ster\u00a0<\/strong>ocurren en mayores de 60 a\u00f1os. Asimismo,\u00a0<strong>los pacientes inmunocompetentes tambi\u00e9n forman parte de este grupo de riesgo<\/strong>, ya que tienen una incidencia que puede ser 20 o 100 veces mayor a un paciente normal, con riesgos de complicaciones, diseminaci\u00f3n y compromiso visceral, como hepatitis, meningoencefalitis y neumon\u00eda.<\/p>\n<p>\u201cLas manifestaciones cl\u00ednicas m\u00e1s frecuentes en pacientes inmunocompetentes son las ves\u00edculas, el dolor y las parestesias; estas \u00faltimas pueden aparecer varios d\u00edas antes de las manifestaciones cut\u00e1neas. Puede haber otros signos y s\u00edntomas como fiebre, malestar general y adenopat\u00edas sat\u00e9litas\u201d, advirti\u00f3\u00a0Lord\u00e9n. <strong>(VW)<\/strong><\/p>\n<p>&nbsp;<\/p>\n","protected":false},"excerpt":{"rendered":"<p>La diputada radical, Alejandra Lord\u00e9n, present\u00f3 un proyecto en la Legislatura bonaerense para exigir la inclusi\u00f3n de la vacuna contra el herpes z\u00f3ster en el calendario anual.<\/p>\n","protected":false},"author":4,"featured_media":14252,"comment_status":"closed","ping_status":"closed","sticky":false,"template":"","format":"standard","meta":{"_monsterinsights_skip_tracking":false,"_monsterinsights_sitenote_active":false,"_monsterinsights_sitenote_note":"","_monsterinsights_sitenote_category":0,"footnotes":""},"categories":[8],"tags":[5948,2240,1953,5949],"class_list":["post-14251","post","type-post","status-publish","format-standard","has-post-thumbnail","hentry","category-interes-general","tag-diputada-alejandra-lorden","tag-legislatura-bonaerense","tag-proyecto","tag-vacuna-contra-herpes-zoster"],"_links":{"self":[{"href":"https:\/\/www.visionweb.com.ar\/index.php?rest_route=\/wp\/v2\/posts\/14251","targetHints":{"allow":["GET"]}}],"collection":[{"href":"https:\/\/www.visionweb.com.ar\/index.php?rest_route=\/wp\/v2\/posts"}],"about":[{"href":"https:\/\/www.visionweb.com.ar\/index.php?rest_route=\/wp\/v2\/types\/post"}],"author":[{"embeddable":true,"href":"https:\/\/www.visionweb.com.ar\/index.php?rest_route=\/wp\/v2\/users\/4"}],"replies":[{"embeddable":true,"href":"https:\/\/www.visionweb.com.ar\/index.php?rest_route=%2Fwp%2Fv2%2Fcomments&post=14251"}],"version-history":[{"count":1,"href":"https:\/\/www.visionweb.com.ar\/index.php?rest_route=\/wp\/v2\/posts\/14251\/revisions"}],"predecessor-version":[{"id":14253,"href":"https:\/\/www.visionweb.com.ar\/index.php?rest_route=\/wp\/v2\/posts\/14251\/revisions\/14253"}],"wp:featuredmedia":[{"embeddable":true,"href":"https:\/\/www.visionweb.com.ar\/index.php?rest_route=\/wp\/v2\/media\/14252"}],"wp:attachment":[{"href":"https:\/\/www.visionweb.com.ar\/index.php?rest_route=%2Fwp%2Fv2%2Fmedia&parent=14251"}],"wp:term":[{"taxonomy":"category","embeddable":true,"href":"https:\/\/www.visionweb.com.ar\/index.php?rest_route=%2Fwp%2Fv2%2Fcategories&post=14251"},{"taxonomy":"post_tag","embeddable":true,"href":"https:\/\/www.visionweb.com.ar\/index.php?rest_route=%2Fwp%2Fv2%2Ftags&post=14251"}],"curies":[{"name":"wp","href":"https:\/\/api.w.org\/{rel}","templated":true}]}}