{"id":14243,"date":"2024-04-16T08:17:33","date_gmt":"2024-04-16T11:17:33","guid":{"rendered":"https:\/\/www.visionweb.com.ar\/?p=14243"},"modified":"2024-04-16T08:23:59","modified_gmt":"2024-04-16T11:23:59","slug":"en-la-argentina-hay-cada-vez-mas-pobres","status":"publish","type":"post","link":"https:\/\/www.visionweb.com.ar\/?p=14243","title":{"rendered":"En la Argentina hay cada vez m\u00e1s pobres"},"content":{"rendered":"<p><em><strong>As\u00ed lo demuestra el \u00faltimo informe de la\u00a0 universidad Di Tella. La pobreza llega a 22,6 millones de personas. Se sumaron 3,2 millones de pobres en el primer trimestre del a\u00f1o.<\/strong><\/em><!--more--><\/p>\n<p><img loading=\"lazy\" decoding=\"async\" class=\"size-medium wp-image-10171 alignright\" src=\"https:\/\/www.visionweb.com.ar\/wp-content\/uploads\/2023\/03\/pobreza2-300x223.jpg\" alt=\"\" width=\"300\" height=\"223\" srcset=\"https:\/\/www.visionweb.com.ar\/wp-content\/uploads\/2023\/03\/pobreza2-300x223.jpg 300w, https:\/\/www.visionweb.com.ar\/wp-content\/uploads\/2023\/03\/pobreza2.jpg 361w\" sizes=\"auto, (max-width: 300px) 100vw, 300px\" \/>La pobreza en Argentina alcanz\u00f3, en el primer trimestre del a\u00f1o a 22,6 millones de personas, cifras que\u00a0 implican, <strong>desde que asumi\u00f3 la presidencia Javier Milei,\u00a0 se sumaron 3,2 millones de nuevos pobres <\/strong>como consecuencia <strong>del impacto de la inflaci\u00f3n en el poder adquisitivo.<\/strong><\/p>\n<p>Seg\u00fan el indicador de pobreza que calcula el investigador de la Universidad Torcuato Di Tella, Mart\u00edn Gonz\u00e1lez Rozada,\u00a0<strong>la tasa de pobreza fue del 48,3% para el semestre octubre-marzo<\/strong>. \u201cLa incidencia proyectada es un promedio ponderado de una tasa de pobreza estimada en 44.9% para el cuarto trimestre de 2023 y 51,8% para el primer trimestre de 2024\u2033, consign\u00f3 el informe de la casa de estudios.<\/p>\n<p>El nowcast de pobreza estima la incidencia de la pobreza, medida en t\u00e9rminos del\u00a0<strong>porcentaje de personas que viven en hogares pobres, en forma semestral.\u00a0<\/strong>Se actualiza todos los meses y\u00a0<strong>la estimaci\u00f3n est\u00e1 basada en la Encuesta Permanente de Hogares (EPH) del INDEC\u00a0<\/strong>junto a proyecciones de la canasta b\u00e1sica total (CBT) utilizando el \u00cdndice de Precios al Consumidor y a proyecciones de los deciles de ingreso total familiar.<\/p>\n<p>Seg\u00fan la fecha de publicaci\u00f3n, a veces no es necesario proyectar la CBT y se utilizan los datos oficiales publicados por INDEC.<\/p>\n<p>La medici\u00f3n de la Di Tella sugiere que\u00a0<strong>alrededor del 48% de las personas en el pa\u00eds viven en hogares urbanos pobres,\u00a0<\/strong>es decir 14,2 millones de argentinos sobre un total de 29,3 millones.<\/p>\n<p>Sin embargo, si se tiene en cuenta una proyecci\u00f3n de la poblaci\u00f3n total, es decir incluyendo zonas no urbanas, rurales y de baja densidad demogr\u00e1fica,\u00a0<strong>la pobreza llegar\u00eda a unos 22,6 millones de personas\u00a0<\/strong>sobre un total de 46,8 millones.<\/p>\n<p>Ese n\u00famero implica un\u00a0<strong>fuerte salto respecto a los 19,4 millones en los que hab\u00eda finalizado el 2023\u00a0<\/strong>seg\u00fan los \u00faltimos datos oficiales del Indec.<\/p>\n<p><b>Al informe de la Universidad Torcuato Di Tella, <\/b>se suma tambi\u00e9n el \u00faltimo informe del<b> Observatorio Social de la Universidad Cat\u00f3lica Argentina (UCA) <\/b>que estim\u00f3 la pobreza para<b> la Argentina, que en\u00a0 enero \u00faltimo alcanza al\u00a0 57,4% de la poblaci\u00f3n argentina,<\/b> impulsada por el fuerte aumento de la inflaci\u00f3n y del costo de la Canasta B\u00e1sica Total (CBT, que marca la \u201cl\u00ednea de pobreza) y de la Canasta B\u00e1sica Alimentaria (umbral de la \u201cl\u00ednea de indigencia\u201d), muy superiores al del ingreso de las familias. .<\/p>\n<p>Por otra parte, la Canasta B\u00e1sica Total promedio de la regi\u00f3n del Gran Buenos Aires (GBA) para el semestre de referencia se estim\u00f3 en $177.598 por adulto equivalente. Esto\u00a0<strong>implica un aumento interanual de 239,4%.\u00a0<\/strong>Para el promedio del ingreso total familiar (ITF) se proyect\u00f3 para el semestre un incremento interanual de 184%<strong>(VW)<\/strong>.<\/p>\n<p>&nbsp;<\/p>\n","protected":false},"excerpt":{"rendered":"<p>As\u00ed lo demuestra el \u00faltimo informe de la\u00a0 universidad Di Tella. La pobreza llega a 22,6 millones de personas. Se sumaron 3,2 millones de pobres en el primer trimestre del a\u00f1o.<\/p>\n","protected":false},"author":3,"featured_media":9602,"comment_status":"closed","ping_status":"closed","sticky":false,"template":"","format":"standard","meta":{"_monsterinsights_skip_tracking":false,"_monsterinsights_sitenote_active":false,"_monsterinsights_sitenote_note":"","_monsterinsights_sitenote_category":0,"footnotes":""},"categories":[4,5],"tags":[58,77,4530,112],"class_list":["post-14243","post","type-post","status-publish","format-standard","has-post-thumbnail","hentry","category-politica","category-sociedad","tag-aumento","tag-inflacion","tag-milei","tag-pobreza"],"_links":{"self":[{"href":"https:\/\/www.visionweb.com.ar\/index.php?rest_route=\/wp\/v2\/posts\/14243","targetHints":{"allow":["GET"]}}],"collection":[{"href":"https:\/\/www.visionweb.com.ar\/index.php?rest_route=\/wp\/v2\/posts"}],"about":[{"href":"https:\/\/www.visionweb.com.ar\/index.php?rest_route=\/wp\/v2\/types\/post"}],"author":[{"embeddable":true,"href":"https:\/\/www.visionweb.com.ar\/index.php?rest_route=\/wp\/v2\/users\/3"}],"replies":[{"embeddable":true,"href":"https:\/\/www.visionweb.com.ar\/index.php?rest_route=%2Fwp%2Fv2%2Fcomments&post=14243"}],"version-history":[{"count":3,"href":"https:\/\/www.visionweb.com.ar\/index.php?rest_route=\/wp\/v2\/posts\/14243\/revisions"}],"predecessor-version":[{"id":14246,"href":"https:\/\/www.visionweb.com.ar\/index.php?rest_route=\/wp\/v2\/posts\/14243\/revisions\/14246"}],"wp:featuredmedia":[{"embeddable":true,"href":"https:\/\/www.visionweb.com.ar\/index.php?rest_route=\/wp\/v2\/media\/9602"}],"wp:attachment":[{"href":"https:\/\/www.visionweb.com.ar\/index.php?rest_route=%2Fwp%2Fv2%2Fmedia&parent=14243"}],"wp:term":[{"taxonomy":"category","embeddable":true,"href":"https:\/\/www.visionweb.com.ar\/index.php?rest_route=%2Fwp%2Fv2%2Fcategories&post=14243"},{"taxonomy":"post_tag","embeddable":true,"href":"https:\/\/www.visionweb.com.ar\/index.php?rest_route=%2Fwp%2Fv2%2Ftags&post=14243"}],"curies":[{"name":"wp","href":"https:\/\/api.w.org\/{rel}","templated":true}]}}