{"id":14237,"date":"2024-04-15T14:29:48","date_gmt":"2024-04-15T17:29:48","guid":{"rendered":"https:\/\/www.visionweb.com.ar\/?p=14237"},"modified":"2024-04-15T14:29:48","modified_gmt":"2024-04-15T17:29:48","slug":"dengue-ya-se-contabilizan-mas-de-67-mil-casos-en-el-estado-bonaerense","status":"publish","type":"post","link":"https:\/\/www.visionweb.com.ar\/?p=14237","title":{"rendered":"Dengue: Ya se contabilizan m\u00e1s de 67 mil casos en el estado bonaerense"},"content":{"rendered":"<p><em><strong>As\u00ed lo inform\u00f3 el Ministerio de Salud en su \u00faltimo bolet\u00edn epidemiol\u00f3gico. Son 54 los distritos con la presencia de la epidemia. Ya suman 41 las muertes en el territorio provincial.<\/strong><\/em><!--more--><\/p>\n<div class=\"td-post-content tagdiv-type\">\n<p><img loading=\"lazy\" decoding=\"async\" class=\"size-medium wp-image-14158 alignright\" src=\"https:\/\/www.visionweb.com.ar\/wp-content\/uploads\/2024\/04\/dengue-fumigacion-300x168.png\" alt=\"\" width=\"300\" height=\"168\" srcset=\"https:\/\/www.visionweb.com.ar\/wp-content\/uploads\/2024\/04\/dengue-fumigacion-300x168.png 300w, https:\/\/www.visionweb.com.ar\/wp-content\/uploads\/2024\/04\/dengue-fumigacion.png 768w\" sizes=\"auto, (max-width: 300px) 100vw, 300px\" \/>El Ministerio de Salud bonaerense inform\u00f3 que\u00a0<strong>ya se confirmaron casi 67 mil casos de dengue en la provincia de Buenos Aires en los \u00faltimos meses y que 54 municipios registran brotes de la enfermedad<\/strong>.<\/p>\n<p>La cartera sanitaria public\u00f3 hoy su \u00faltimo bolet\u00edn epidemiol\u00f3gico (el correspondiente a la semana que fue del 31 de marzo al 6 de abril). All\u00ed se\u00f1al\u00f3 que desde fines de agosto del a\u00f1o pasado hasta hoy\u00a0<strong>\u201cse notificaron 92.958 casos con sospecha de dengue, de los cuales 66.964 fueron positivos (66.787 confirmados y 177 probables), 1.620 casos fueron descartados y 24.374 a\u00fan contin\u00faan en estudio\u201d<\/strong>.<\/p>\n<p>La Provincia se\u00f1al\u00f3 65.124 casos positivos que son aut\u00f3ctonos y se registraron brotes en 54 municipios bonaerenses. \u201cEn todos los brotes se identific\u00f3 la circulaci\u00f3n de serotipos DEN-1 y DEN-2 y en Mor\u00f3n un caso DEN-3\u201d, detall\u00f3.<\/p>\n<p>\u201cLos municipios con mayores tasas de incidencia son Jos\u00e9 C. Paz, San Miguel, Lan\u00fas, San Isidro, General San Mart\u00edn, Lomas de Zamora, Quilmes, Avellaneda, Tres de Febrero, Florencio Varela, Moreno, Vicente L\u00f3pez, General Rodr\u00edguez, Mor\u00f3n y San Fernando\u201d, indic\u00f3 la pubicaci\u00f3n oficial.<\/p>\n<h3 class=\"wp-block-heading\"><strong>Municipio por municipio<\/strong><\/h3>\n<p><strong>El municipio que hasta ahora registr\u00f3 m\u00e1s casos de dengue es La Matanza, con 6.662<\/strong>. Le siguen:\u00a0<strong>Jos\u00e9 C. Paz, 5.583; Lan\u00fas, 4.593; Lomas de Zamora, 4.467; San Miguel, 4.230; Quilmes, 4.036; Moreno, 2.974; General San Mart\u00edn, 2.951; Florencio Varela, 2.920; San Isidro, 2.600; Avellaneda, 2.430; Almirante Brown, 2.423; Tres de Febrero, 1968; Merlo, 1.658; Mor\u00f3n, 1527; Pilar, 1472; La Plata, 1.404; Vicente L\u00f3pez, 1.341; Malvinas Argentinas, 1.063; Berazategui, 1041; Esteban Echeverr\u00eda, 1024; Tigre, 903; Hurlingham, 795; Escobar, 790; y San Fernando, 763.<\/strong><\/p>\n<p>Asimismo, tambi\u00e9n registraron contagios\u00a0<strong>General Rodr\u00edguez (583), Ituzaing\u00f3 (573), Ezeiza (388), Jun\u00edn (233), Col\u00f3n (112), Luj\u00e1n (107), Marcos Paz (100), Exaltaci\u00f3n de la Cruz (75), Z\u00e1rate (74), La Costa (61), San Nicol\u00e1s (58), Campana (56), Bah\u00eda Blanca (52), Berisso (48), Rojas (45), Suipacha (39), San Pedro (39), Ramallo (27), Ensenada (25), Pehuaj\u00f3 (25), Chacabuco (24), Brandsen (15), Lincoln (12), Trenque Lauquen (9), 9 de Julio (7), Rivadavia (7), Tandil (6), Monte (4) y Carlos Casares (1).<\/strong><\/p>\n<h3 class=\"wp-block-heading\"><strong>Casos graves y muertes<\/strong><\/h3>\n<p>El Ministerio de Salud detall\u00f3 adem\u00e1s que 719 enfermos de dengue registraron al menos un signo de alarma y que 2.365 personas fueron internadas.\u00a0<strong>\u201c95 requirieron cuidados intensivos y se notificaron 41 casos fallecidos\u201d<\/strong>, indica el bolet\u00edn. Y detalla: \u201cRespecto a la distribuci\u00f3n por edades de los casos fallecidos, 2 casos fueron menores de edad, 19 casos entre 15 y 44 a\u00f1os, 8 casos entre 45 y 65 a\u00f1os y 12 casos mayores de 65 a\u00f1os\u201d. Adem\u00e1s, se inform\u00f3 que 18 de los fallecidos \u201cpresentaban alguna comorbilidad registrada\u201d.<\/p>\n<p>Las muertes pertenecen a los distritos de La Matanza (7), Lomas de Zamora (6), Moreno (4), Esteban Echeverr\u00eda (3), San Miguel (2), Vicente L\u00f3pez (2), Avellaneda (2), Berazategui (2), Hurlingham (2), Escobar (1), General San Mart\u00edn (1), Jos\u00e9 C. Paz (1), Malvinas Argentinas (1), San Isidro (1), Tigre (1), Florencio Varela (1), Lan\u00fas (1), Merlo (1), Mor\u00f3n (1) y La Plata (1). <strong>(VW)<\/strong><\/p>\n<\/div>\n","protected":false},"excerpt":{"rendered":"<p>As\u00ed lo inform\u00f3 el Ministerio de Salud en su \u00faltimo bolet\u00edn epidemiol\u00f3gico. Son 54 los distritos con la presencia de la epidemia. Ya suman 41 las muertes en el territorio provincial.<\/p>\n","protected":false},"author":3,"featured_media":14158,"comment_status":"closed","ping_status":"closed","sticky":false,"template":"","format":"standard","meta":{"_monsterinsights_skip_tracking":false,"_monsterinsights_sitenote_active":false,"_monsterinsights_sitenote_note":"","_monsterinsights_sitenote_category":0,"footnotes":""},"categories":[3],"tags":[36,290,5946,5917],"class_list":["post-14237","post","type-post","status-publish","format-standard","has-post-thumbnail","hentry","category-actualidad","tag-casos","tag-contagios","tag-debgue","tag-muertos"],"_links":{"self":[{"href":"https:\/\/www.visionweb.com.ar\/index.php?rest_route=\/wp\/v2\/posts\/14237","targetHints":{"allow":["GET"]}}],"collection":[{"href":"https:\/\/www.visionweb.com.ar\/index.php?rest_route=\/wp\/v2\/posts"}],"about":[{"href":"https:\/\/www.visionweb.com.ar\/index.php?rest_route=\/wp\/v2\/types\/post"}],"author":[{"embeddable":true,"href":"https:\/\/www.visionweb.com.ar\/index.php?rest_route=\/wp\/v2\/users\/3"}],"replies":[{"embeddable":true,"href":"https:\/\/www.visionweb.com.ar\/index.php?rest_route=%2Fwp%2Fv2%2Fcomments&post=14237"}],"version-history":[{"count":1,"href":"https:\/\/www.visionweb.com.ar\/index.php?rest_route=\/wp\/v2\/posts\/14237\/revisions"}],"predecessor-version":[{"id":14238,"href":"https:\/\/www.visionweb.com.ar\/index.php?rest_route=\/wp\/v2\/posts\/14237\/revisions\/14238"}],"wp:featuredmedia":[{"embeddable":true,"href":"https:\/\/www.visionweb.com.ar\/index.php?rest_route=\/wp\/v2\/media\/14158"}],"wp:attachment":[{"href":"https:\/\/www.visionweb.com.ar\/index.php?rest_route=%2Fwp%2Fv2%2Fmedia&parent=14237"}],"wp:term":[{"taxonomy":"category","embeddable":true,"href":"https:\/\/www.visionweb.com.ar\/index.php?rest_route=%2Fwp%2Fv2%2Fcategories&post=14237"},{"taxonomy":"post_tag","embeddable":true,"href":"https:\/\/www.visionweb.com.ar\/index.php?rest_route=%2Fwp%2Fv2%2Ftags&post=14237"}],"curies":[{"name":"wp","href":"https:\/\/api.w.org\/{rel}","templated":true}]}}