{"id":14234,"date":"2024-04-15T10:39:14","date_gmt":"2024-04-15T13:39:14","guid":{"rendered":"https:\/\/www.visionweb.com.ar\/?p=14234"},"modified":"2024-04-15T10:39:14","modified_gmt":"2024-04-15T13:39:14","slug":"milei-volvio-al-pais-y-creo-un-comite-de-crisis-en-apoyo-a-israel","status":"publish","type":"post","link":"https:\/\/www.visionweb.com.ar\/?p=14234","title":{"rendered":"Milei volvi\u00f3 al pa\u00eds y cre\u00f3 un comit\u00e9 de crisis en apoyo a Israel"},"content":{"rendered":"<p><em><strong>Tras el ataque de Ir\u00e1n a Israel, Milei aceler\u00f3 su retorno de Estados Unidos y cre\u00f3 un comit\u00e9 de crisis para analizar posibles ataques a la comunidad jud\u00eda.<\/strong><\/em><!--more--><\/p>\n<p><strong> <img loading=\"lazy\" decoding=\"async\" class=\"size-medium wp-image-14235 alignright\" src=\"https:\/\/www.visionweb.com.ar\/wp-content\/uploads\/2024\/04\/Milei-reunion-israel-300x151.png\" alt=\"\" width=\"300\" height=\"151\" srcset=\"https:\/\/www.visionweb.com.ar\/wp-content\/uploads\/2024\/04\/Milei-reunion-israel-300x151.png 300w, https:\/\/www.visionweb.com.ar\/wp-content\/uploads\/2024\/04\/Milei-reunion-israel.png 560w\" sizes=\"auto, (max-width: 300px) 100vw, 300px\" \/>\u00a0\u00a0 E<\/strong>l<strong> presidente Javier Milei encabez\u00f3 en la noche del domingo un\u00a0comit\u00e9 de crisis junto a ministros y funcionarios de varias \u00e1re<\/strong>as, para ratificar su apoyo al Estado de\u00a0<strong>Israel<\/strong>\u00a0luego del ataque realizado por\u00a0<strong>Ir\u00e1n<\/strong>\u00a0en\u00a0<strong>Medio Oriente<\/strong>, as\u00ed como tambi\u00e9n para analizar posibles ataques en\u00a0<strong>Argentina<\/strong>.<\/p>\n<p><strong>\u00a0\u201cEl Gobierno de la Rep\u00fablica Argentina condena categ\u00f3ricamente el ataque sin precedentes de la Rep\u00fablica Isl\u00e1mica de Ir\u00e1n contra el Estado de Israel y reafirma su apoyo al leg\u00edtimo derecho de Israel a la defensa de su soberan\u00eda. El Gobierno argentino insta a Ir\u00e1n a cesar sus ataques injustificados y evitar una crisis de alcance global\u201d<\/strong>, expres\u00f3 la Canciller\u00eda.<\/p>\n<p>De esta manera, el encuentro del\u00a0<strong>comit\u00e9 de crisis<\/strong>\u00a0que encabez\u00f3 anoche el presidente\u00a0<strong>Milei en Casa Rosada<\/strong>, cont\u00f3 con la participaci\u00f3n de todos los miembros del gabinete nacional y comenz\u00f3 con una intervenci\u00f3n del embajador de\u00a0<strong>Israel\u00a0<\/strong>en la Argentina,\u00a0<strong>Eyal Sela<\/strong>, que brind\u00f3 un informe sobre la situaci\u00f3n.<\/p>\n<p>Por su parte, el vocero de la\u00a0<strong>Casa Rosada<\/strong>,\u00a0<strong>Manuel Adorni<\/strong>, difundi\u00f3 un mensaje oficial al cierre de la reuni\u00f3n, en el que recalc\u00f3 que la \u201c<strong>Argentina respalda enf\u00e1ticamente al Estado de<\/strong>\u00a0<strong>Israel en defensa de su soberan\u00eda<\/strong>\u201d, y explic\u00f3 que\u00a0<strong>Milei\u00a0<\/strong>adelant\u00f3 su vuelta de\u00a0<strong>Estados Unidos<\/strong>\u00a0<strong>y cancel\u00f3 su escala en<\/strong>\u00a0<strong>Dinamarca<\/strong>.<\/p>\n<p>Es preciso mencionar que, en el\u00a0<strong>comit\u00e9 de crisis<\/strong>, el jefe de Gabinete,\u00a0<strong>Nicol\u00e1s Posse<\/strong>, dio un informe que prepar\u00f3 durante el fin de semana junto a la\u00a0<strong>Agencia Federal de Inteligencia\u00a0<\/strong>(<strong>AFI<\/strong>), con el foco puesto en la preocupaci\u00f3n por el punto geogr\u00e1fico que se encuentran\u00a0<strong>Brasil<\/strong>,\u00a0<strong>Paraguay\u00a0<\/strong>y\u00a0<strong>Argentina<\/strong>, la triple frontera.<\/p>\n<p>A su vez,\u00a0<strong>Posse\u00a0<\/strong>se encarg\u00f3 de coordinar la reuni\u00f3n y se puso al frente de los preparativos del\u00a0<strong>comit\u00e9 de crisis<\/strong>\u00a0creado por\u00a0<strong>Milei<\/strong>, que elev\u00f3 el nivel de alerta a \u201calto\u201d en los espacios pertenecientes a la comunidad jud\u00eda y reforz\u00f3 la seguridad en todo el pa\u00eds ante la posibilidad de ataques \u201cterroristas\u201d.<\/p>\n<p>Posteriormente, el embajador de\u00a0<strong>Israel\u00a0<\/strong>tambi\u00e9n dio su palabra en el mensaje grabado de\u00a0<strong>Adorni<\/strong>, momento en el que agradeci\u00f3 a\u00a0<strong>Milei<\/strong>\u00a0por \u201csu clara y rotunda condena a\u00a0<strong>Ir\u00e1n\u00a0<\/strong>y por estar en el lado correcto de la historia y de los hechos\u201d, al tiempo que explic\u00f3 que el ataque iran\u00ed combin\u00f3 misiles y drones.<\/p>\n<p>\u201c<strong>Ir\u00e1n\u00a0<\/strong>intent\u00f3 por primera vez atacar a\u00a0<strong>Israel\u00a0<\/strong>directamente desde su territorio\u201d, explic\u00f3\u00a0<strong>Sela<\/strong>\u00a0en el mensaje que se grab\u00f3 en la sala de conferencias de la\u00a0<strong>Casa Rosada<\/strong>, al tiempo que agreg\u00f3 que se trat\u00f3 de \u201cun intento de llevar m\u00e1s de 60 toneladas de explosivos hacia el centro de\u00a0<strong>Israel<\/strong>\u201d.<\/p>\n<p>Es preciso mencionar que, en el\u00a0<strong>comit\u00e9 de crisis<\/strong>\u00a0participaron, junto al presidente y\u00a0<strong>Posse<\/strong>, la secretaria de la Presidencia,\u00a0<strong>Karina Milei<\/strong>, los ministros de Seguridad,\u00a0<strong>Patricia Bullrich<\/strong>, del Interior,\u00a0<strong>Guillermo Francos<\/strong>, de Salud,\u00a0<strong>Mario Russo<\/strong>, de Justicia,\u00a0<strong>Mariano C\u00faneo Libarona<\/strong>, el de Defensa,\u00a0<strong>Luis Petri<\/strong>, que lo hizo por videoconferencia, el asesor\u00a0<strong>Santiago Caputo<\/strong>, el vocero,\u00a0<strong>Manuel Adorni<\/strong>, y la vicepresidenta,\u00a0<strong>Victoria Villarruel<\/strong>. <strong>(VW)<\/strong><\/p>\n","protected":false},"excerpt":{"rendered":"<p>Tras el ataque de Ir\u00e1n a Israel, Milei aceler\u00f3 su retorno de Estados Unidos y cre\u00f3 un comit\u00e9 de crisis para analizar posibles ataques a la comunidad jud\u00eda.<\/p>\n","protected":false},"author":4,"featured_media":14235,"comment_status":"closed","ping_status":"closed","sticky":false,"template":"","format":"standard","meta":{"_monsterinsights_skip_tracking":false,"_monsterinsights_sitenote_active":false,"_monsterinsights_sitenote_note":"","_monsterinsights_sitenote_category":0,"footnotes":""},"categories":[4],"tags":[5042,2970,5945,4878],"class_list":["post-14234","post","type-post","status-publish","format-standard","has-post-thumbnail","hentry","category-politica","tag-ataque-a-israel","tag-comite-de-crisis","tag-embajada","tag-javier-milei"],"_links":{"self":[{"href":"https:\/\/www.visionweb.com.ar\/index.php?rest_route=\/wp\/v2\/posts\/14234","targetHints":{"allow":["GET"]}}],"collection":[{"href":"https:\/\/www.visionweb.com.ar\/index.php?rest_route=\/wp\/v2\/posts"}],"about":[{"href":"https:\/\/www.visionweb.com.ar\/index.php?rest_route=\/wp\/v2\/types\/post"}],"author":[{"embeddable":true,"href":"https:\/\/www.visionweb.com.ar\/index.php?rest_route=\/wp\/v2\/users\/4"}],"replies":[{"embeddable":true,"href":"https:\/\/www.visionweb.com.ar\/index.php?rest_route=%2Fwp%2Fv2%2Fcomments&post=14234"}],"version-history":[{"count":1,"href":"https:\/\/www.visionweb.com.ar\/index.php?rest_route=\/wp\/v2\/posts\/14234\/revisions"}],"predecessor-version":[{"id":14236,"href":"https:\/\/www.visionweb.com.ar\/index.php?rest_route=\/wp\/v2\/posts\/14234\/revisions\/14236"}],"wp:featuredmedia":[{"embeddable":true,"href":"https:\/\/www.visionweb.com.ar\/index.php?rest_route=\/wp\/v2\/media\/14235"}],"wp:attachment":[{"href":"https:\/\/www.visionweb.com.ar\/index.php?rest_route=%2Fwp%2Fv2%2Fmedia&parent=14234"}],"wp:term":[{"taxonomy":"category","embeddable":true,"href":"https:\/\/www.visionweb.com.ar\/index.php?rest_route=%2Fwp%2Fv2%2Fcategories&post=14234"},{"taxonomy":"post_tag","embeddable":true,"href":"https:\/\/www.visionweb.com.ar\/index.php?rest_route=%2Fwp%2Fv2%2Ftags&post=14234"}],"curies":[{"name":"wp","href":"https:\/\/api.w.org\/{rel}","templated":true}]}}