{"id":14221,"date":"2024-04-12T11:35:42","date_gmt":"2024-04-12T14:35:42","guid":{"rendered":"https:\/\/www.visionweb.com.ar\/?p=14221"},"modified":"2024-04-12T11:37:24","modified_gmt":"2024-04-12T14:37:24","slug":"el-estado-bonaerense-congela-la-suba-de-las-patentes-de-automotores","status":"publish","type":"post","link":"https:\/\/www.visionweb.com.ar\/?p=14221","title":{"rendered":"El estado bonaerense congela la suba de las patentes de automotores"},"content":{"rendered":"<p><em><strong>Tambi\u00e9n dar\u00eda marcha atr\u00e1s con el impuesto inmobiliario rural. La decisi\u00f3n oficial pasa por no hacer uso de las facultades que le otorg\u00f3 la Legislatura provincial al mandatario para realizar actualizaciones de las cuotas por inflaci\u00f3n.<\/strong><\/em><!--more--><\/p>\n<p><img loading=\"lazy\" decoding=\"async\" class=\"size-full wp-image-5275 alignleft\" src=\"https:\/\/www.visionweb.com.ar\/wp-content\/uploads\/2022\/04\/impuestos.bmp\" alt=\"\" width=\"540\" height=\"369\" \/>En medio de la pol\u00e9mica y las presiones que se generaron por las subas impositivas en la provincia de Buenos Aires, el gobernador Axel Kicillof decidi\u00f3 congelar en parte el ajuste previsto para las Patentes y estudia seguir el mismo camino para el Inmobiliario Rural.<\/p>\n<p>La medida regir\u00e1 en principio para las cuotas 2 del Impuesto Automotor, que mantendr\u00e1 los mismos valores de la cuota 1 que ya venci\u00f3.<\/p>\n<p>En el caso de la Patente la cuota vence en mayo, mientras que el Rural en junio, por lo que fuentes de la Gobernaci\u00f3n informaron que estudiar\u00e1n si con este impuesto hacen lo mismo.<\/p>\n<p>La decisi\u00f3n oficial pasa por no hacer uso de las facultades que le otorg\u00f3 la Legislatura provincial al mandatario para realizar actualizaciones de las cuotas por inflaci\u00f3n en todos los tributos patrimoniales. Si bien esta segunda cuota del Automotor mantendr\u00e1 el valor de la primera, a\u00fan no hay decisi\u00f3n para la tercera.<\/p>\n<p>Cabe recordar que la ley Impositiva autoriz\u00f3 al Gobierno, m\u00e1s all\u00e1 de las subas globales respecto del a\u00f1o pasado, a actualizar las cuotas de los impuestos en relaci\u00f3n a la inflaci\u00f3n registrada en cada per\u00edodo. En el caso del Inmobiliario Urbano, la cuota 2 fue reajustada en un 20% frente al costo de vida que trep\u00f3 al 51,5% en los \u00faltimos meses.<\/p>\n<p>En relaci\u00f3n a la Patente se iba a seguir el mismo camino, pero la decisi\u00f3n de Kicillof har\u00e1 que la cuota 2 tenga el mismo valor que la 1. En marzo ARBA anunci\u00f3 que la suba promedio anual de la Patente para este 2024 iba a ser de 180,4%. Sin embargo, algunas boletas llegaron con picos de hasta casi 300%.<\/p>\n<p>Mientras que que con el Inmobiliario Rural, en medio de la fuerte presi\u00f3n del campo que amenaza con protestas, se tomar\u00e1 una decisi\u00f3n en las pr\u00f3ximas<strong>(VW)<\/strong><\/p>\n","protected":false},"excerpt":{"rendered":"<p>Tambi\u00e9n dar\u00eda marcha atr\u00e1s con el impuesto inmobiliario rural. La decisi\u00f3n oficial pasa por no hacer uso de las facultades que le otorg\u00f3 la Legislatura provincial al mandatario para realizar actualizaciones de las cuotas&#46;&#46;&#46;<\/p>\n","protected":false},"author":3,"featured_media":5275,"comment_status":"closed","ping_status":"closed","sticky":false,"template":"","format":"standard","meta":{"_monsterinsights_skip_tracking":false,"_monsterinsights_sitenote_active":false,"_monsterinsights_sitenote_note":"","_monsterinsights_sitenote_category":0,"footnotes":""},"categories":[8],"tags":[],"class_list":["post-14221","post","type-post","status-publish","format-standard","has-post-thumbnail","hentry","category-interes-general"],"_links":{"self":[{"href":"https:\/\/www.visionweb.com.ar\/index.php?rest_route=\/wp\/v2\/posts\/14221","targetHints":{"allow":["GET"]}}],"collection":[{"href":"https:\/\/www.visionweb.com.ar\/index.php?rest_route=\/wp\/v2\/posts"}],"about":[{"href":"https:\/\/www.visionweb.com.ar\/index.php?rest_route=\/wp\/v2\/types\/post"}],"author":[{"embeddable":true,"href":"https:\/\/www.visionweb.com.ar\/index.php?rest_route=\/wp\/v2\/users\/3"}],"replies":[{"embeddable":true,"href":"https:\/\/www.visionweb.com.ar\/index.php?rest_route=%2Fwp%2Fv2%2Fcomments&post=14221"}],"version-history":[{"count":1,"href":"https:\/\/www.visionweb.com.ar\/index.php?rest_route=\/wp\/v2\/posts\/14221\/revisions"}],"predecessor-version":[{"id":14222,"href":"https:\/\/www.visionweb.com.ar\/index.php?rest_route=\/wp\/v2\/posts\/14221\/revisions\/14222"}],"wp:featuredmedia":[{"embeddable":true,"href":"https:\/\/www.visionweb.com.ar\/index.php?rest_route=\/wp\/v2\/media\/5275"}],"wp:attachment":[{"href":"https:\/\/www.visionweb.com.ar\/index.php?rest_route=%2Fwp%2Fv2%2Fmedia&parent=14221"}],"wp:term":[{"taxonomy":"category","embeddable":true,"href":"https:\/\/www.visionweb.com.ar\/index.php?rest_route=%2Fwp%2Fv2%2Fcategories&post=14221"},{"taxonomy":"post_tag","embeddable":true,"href":"https:\/\/www.visionweb.com.ar\/index.php?rest_route=%2Fwp%2Fv2%2Ftags&post=14221"}],"curies":[{"name":"wp","href":"https:\/\/api.w.org\/{rel}","templated":true}]}}