{"id":14218,"date":"2024-04-12T08:53:34","date_gmt":"2024-04-12T11:53:34","guid":{"rendered":"https:\/\/www.visionweb.com.ar\/?p=14218"},"modified":"2024-04-12T08:53:34","modified_gmt":"2024-04-12T11:53:34","slug":"ate-provincia-solicito-la-reapertura-de-las-paritarias","status":"publish","type":"post","link":"https:\/\/www.visionweb.com.ar\/?p=14218","title":{"rendered":"ATE provincia solicit\u00f3 la reapertura de las paritarias"},"content":{"rendered":"<p><strong><em>Desde el gremio aseguraron que en reiteradas oportunidades, en contacto con las autoridades provinciales insistieron en la necesidad de reabrir las negociaciones salariales.<\/em><\/strong>\u00a0 <!--more--><\/p>\n<p><img loading=\"lazy\" decoding=\"async\" class=\"size-medium wp-image-13193 alignright\" src=\"https:\/\/www.visionweb.com.ar\/wp-content\/uploads\/2024\/01\/ATE-CONVOCA-A-UN-APROTESTA-300x169.png\" alt=\"\" width=\"300\" height=\"169\" srcset=\"https:\/\/www.visionweb.com.ar\/wp-content\/uploads\/2024\/01\/ATE-CONVOCA-A-UN-APROTESTA-300x169.png 300w, https:\/\/www.visionweb.com.ar\/wp-content\/uploads\/2024\/01\/ATE-CONVOCA-A-UN-APROTESTA.png 700w\" sizes=\"auto, (max-width: 300px) 100vw, 300px\" \/>La Asociaci\u00f3n Trabajadores del Estado (ATE) de la provincia de Buenos Aires present\u00f3 un NUEVO pedido de reapertura de paritarias al Ministerio de Trabajo bonaerense.<\/p>\n<p>La solicitud que se present\u00f3 formalmente ante las autoridades de Trabajo, bonaerense,\u00a0 ATE asegur\u00f3 que \u201cel pedido obedece a la imperiosa necesidad de continuar haciendo los mayores esfuerzos para sostener el salario de los y las trabajadores del estado provincial, en un contexto de ajuste brutal impuesto por el gobierno Nacional de Javier Milei\u201d, consign\u00f3 el gremio estatal.<\/p>\n<p>A principios de esta semana, fuentes gremiales recordaron\u00a0 que todav\u00eda no fueron convocados por el Ministerio de Trabajo.<\/p>\n<p>Sin embargo, reiteraron los pedidos formales para avanzar en ese sentido. Primero fue la Asociaci\u00f3n de Trabajadores del Estado (ATE) que conduce Claudio Ar\u00e9valo desde donde marcaron \u00abla imperiosa necesidad de continuar haciendo los mayores esfuerzos para sostener el salario de los trabajadores<\/p>\n<p><img loading=\"lazy\" decoding=\"async\" class=\"size-medium wp-image-14219 alignleft\" src=\"https:\/\/www.visionweb.com.ar\/wp-content\/uploads\/2024\/04\/CONVOCATORIA-A-PARITARIAS-300x168.png\" alt=\"\" width=\"300\" height=\"168\" srcset=\"https:\/\/www.visionweb.com.ar\/wp-content\/uploads\/2024\/04\/CONVOCATORIA-A-PARITARIAS-300x168.png 300w, https:\/\/www.visionweb.com.ar\/wp-content\/uploads\/2024\/04\/CONVOCATORIA-A-PARITARIAS.png 640w\" sizes=\"auto, (max-width: 300px) 100vw, 300px\" \/>Dentro del pedido, tambi\u00e9n se plantea la continuidad de las mesas t\u00e9cnicas acordadas con el objetivo de \u201cseguir atendiendo las demandas a resolver en los distintos sectores de la administraci\u00f3n p\u00fablica provincial\u201d, consignaron los referentes gremiales.<\/p>\n<p>En ese sentido, Claudio Ar\u00e9valo, secretario general de ATE, se refiri\u00f3 al pedido de paritarias y al dif\u00edcil momento que deben afrontar los estatales ante la avanzada del gobierno nacional.<\/p>\n<p>\u201cTanto la provincia de Buenos Aires, como el resto de las provincias del pa\u00eds, deben sufrir los ajustes discrecionales y arbitrarios llevados a cabo por el ejecutivo nacional a quien no le importan los trabajadores y trabajadoras\u00bb, aseguraron los referentes gremiales.<\/p>\n<p>En ese marco, vamos a seguir peleando por garantizar los derechos de nuestros compa\u00f1eros y compa\u00f1eras que todos los d\u00edas desarrollan las tareas y funciones indispensables que el Estado garantiza para millones de personas, principalmente para los sectores m\u00e1s afectados por la crisis actual\u201d, asegur\u00f3 el referente estatal<strong>(VW)<\/strong>.<\/p>\n","protected":false},"excerpt":{"rendered":"<p>Desde el gremio aseguraron que en reiteradas oportunidades, en contacto con las autoridades provinciales insistieron en la necesidad de reabrir las negociaciones salariales.\u00a0<\/p>\n","protected":false},"author":3,"featured_media":13193,"comment_status":"closed","ping_status":"closed","sticky":false,"template":"","format":"standard","meta":{"_monsterinsights_skip_tracking":false,"_monsterinsights_sitenote_active":false,"_monsterinsights_sitenote_note":"","_monsterinsights_sitenote_category":0,"footnotes":""},"categories":[4],"tags":[2719,650,158,5407,51],"class_list":["post-14218","post","type-post","status-publish","format-standard","has-post-thumbnail","hentry","category-politica","tag-ate","tag-bonaerenses","tag-paritarias","tag-pedido","tag-reapertura"],"_links":{"self":[{"href":"https:\/\/www.visionweb.com.ar\/index.php?rest_route=\/wp\/v2\/posts\/14218","targetHints":{"allow":["GET"]}}],"collection":[{"href":"https:\/\/www.visionweb.com.ar\/index.php?rest_route=\/wp\/v2\/posts"}],"about":[{"href":"https:\/\/www.visionweb.com.ar\/index.php?rest_route=\/wp\/v2\/types\/post"}],"author":[{"embeddable":true,"href":"https:\/\/www.visionweb.com.ar\/index.php?rest_route=\/wp\/v2\/users\/3"}],"replies":[{"embeddable":true,"href":"https:\/\/www.visionweb.com.ar\/index.php?rest_route=%2Fwp%2Fv2%2Fcomments&post=14218"}],"version-history":[{"count":1,"href":"https:\/\/www.visionweb.com.ar\/index.php?rest_route=\/wp\/v2\/posts\/14218\/revisions"}],"predecessor-version":[{"id":14220,"href":"https:\/\/www.visionweb.com.ar\/index.php?rest_route=\/wp\/v2\/posts\/14218\/revisions\/14220"}],"wp:featuredmedia":[{"embeddable":true,"href":"https:\/\/www.visionweb.com.ar\/index.php?rest_route=\/wp\/v2\/media\/13193"}],"wp:attachment":[{"href":"https:\/\/www.visionweb.com.ar\/index.php?rest_route=%2Fwp%2Fv2%2Fmedia&parent=14218"}],"wp:term":[{"taxonomy":"category","embeddable":true,"href":"https:\/\/www.visionweb.com.ar\/index.php?rest_route=%2Fwp%2Fv2%2Fcategories&post=14218"},{"taxonomy":"post_tag","embeddable":true,"href":"https:\/\/www.visionweb.com.ar\/index.php?rest_route=%2Fwp%2Fv2%2Ftags&post=14218"}],"curies":[{"name":"wp","href":"https:\/\/api.w.org\/{rel}","templated":true}]}}