{"id":14213,"date":"2024-06-18T17:24:56","date_gmt":"2024-06-18T20:24:56","guid":{"rendered":"https:\/\/www.visionweb.com.ar\/?p=14213"},"modified":"2024-06-19T11:33:10","modified_gmt":"2024-06-19T14:33:10","slug":"la-actividad-industrial-vuelve-a-mostrar-sintomas-de-contraccion","status":"publish","type":"post","link":"https:\/\/www.visionweb.com.ar\/?p=14213","title":{"rendered":"La actividad industrial vuelve a mostrar s\u00edntomas de contracci\u00f3n"},"content":{"rendered":"<p><strong><em>Se registraron los niveles m\u00e1s bajos de la serie en las variables de producci\u00f3n y ventas, indicando una agudizaci\u00f3n de las dificultades en el entramado productivo industrial, especialmente en las PyMES.<\/em><\/strong><!--more--><\/p>\n<p><img loading=\"lazy\" decoding=\"async\" class=\"size-medium wp-image-1574 alignleft\" src=\"https:\/\/www.visionweb.com.ar\/wp-content\/uploads\/2021\/05\/LANUS-PARQUE-INDUSTRIAL-300x199.png\" alt=\"\" width=\"300\" height=\"199\" srcset=\"https:\/\/www.visionweb.com.ar\/wp-content\/uploads\/2021\/05\/LANUS-PARQUE-INDUSTRIAL-300x199.png 300w, https:\/\/www.visionweb.com.ar\/wp-content\/uploads\/2021\/05\/LANUS-PARQUE-INDUSTRIAL-768x510.png 768w, https:\/\/www.visionweb.com.ar\/wp-content\/uploads\/2021\/05\/LANUS-PARQUE-INDUSTRIAL.png 800w\" sizes=\"auto, (max-width: 300px) 100vw, 300px\" \/>En el primer relevamiento del a\u00f1o, el\u00a0<b>Monitor de Desempe\u00f1o Industrial (\u00edndice MDI)<\/b>\u00a0elaborado por la\u00a0<b>Uni\u00f3n Industrial Argentina (UIA)<\/b>\u00a0se ubic\u00f3 en 29,9%, el valor m\u00e1s bajo desde que inici\u00f3 la serie.<\/p>\n<p>El resultado denota un escenario de contracci\u00f3n de la actividad (por encima de 50% se habla de expansi\u00f3n) y evidencia un escenario preocupante para las empresas del rubro.<\/p>\n<p>El indicador se encuentra en niveles de contracci\u00f3n desde julio de 2022 y acumula 7 relevamientos consecutivos por debajo de 50; pr\u00e1cticamente dos a\u00f1os de ca\u00edda.<\/p>\n<p>Se registraron los niveles m\u00e1s bajos de la serie en las variables de producci\u00f3n y ventas, indicando una agudizaci\u00f3n de las dificultades en el entramado productivo industrial, especialmente en las PyMES (participaci\u00f3n del 96% en la muestra).\u00a0Esta situaci\u00f3n redund\u00f3 en m\u00e1s empresas con dificultades para hacer frente a los pagos.<\/p>\n<p>Tambi\u00e9n en este marco hubo un cambio de tendencia en la serie de empleo, que hasta el momento era la que evidenciaba mayor estabilidad. Se registr\u00f3 el porcentaje m\u00e1s alto de empresas con ca\u00edda del empleo y un deterioro notable en relaci\u00f3n a relevamientos previos.<\/p>\n<p>Las empresas consideraron que su situaci\u00f3n econ\u00f3mica est\u00e1 peor que hace un a\u00f1o y esperan el impacto de la calidad del consumo, la obra p\u00fablica y la menor actividad de otras empresas. Sin embargo, en cuanto a las expectativas para dentro de un a\u00f1o, aproximadamente el 50% de las empresas espera que la situaci\u00f3n econ\u00f3mica de su empresa, del sector y del pa\u00eds, mejore en el pr\u00f3ximo a\u00f1o.<\/p>\n<p>Los resultados se desprenden de un relevamiento realizado a m\u00e1s de 700 empresas a lo largo de la primera quincena de febrero<strong>(VW)<\/strong>.<\/p>\n","protected":false},"excerpt":{"rendered":"<p>Se registraron los niveles m\u00e1s bajos de la serie en las variables de producci\u00f3n y ventas, indicando una agudizaci\u00f3n de las dificultades en el entramado productivo industrial, especialmente en las PyMES.<\/p>\n","protected":false},"author":3,"featured_media":1574,"comment_status":"closed","ping_status":"closed","sticky":false,"template":"","format":"standard","meta":{"_monsterinsights_skip_tracking":false,"_monsterinsights_sitenote_active":false,"_monsterinsights_sitenote_note":"","_monsterinsights_sitenote_category":0,"footnotes":""},"categories":[749,1],"tags":[4310,4101,6248],"class_list":["post-14213","post","type-post","status-publish","format-standard","has-post-thumbnail","hentry","category-pymes","category-uncategorized","tag-actividad","tag-descenso","tag-mdi"],"_links":{"self":[{"href":"https:\/\/www.visionweb.com.ar\/index.php?rest_route=\/wp\/v2\/posts\/14213","targetHints":{"allow":["GET"]}}],"collection":[{"href":"https:\/\/www.visionweb.com.ar\/index.php?rest_route=\/wp\/v2\/posts"}],"about":[{"href":"https:\/\/www.visionweb.com.ar\/index.php?rest_route=\/wp\/v2\/types\/post"}],"author":[{"embeddable":true,"href":"https:\/\/www.visionweb.com.ar\/index.php?rest_route=\/wp\/v2\/users\/3"}],"replies":[{"embeddable":true,"href":"https:\/\/www.visionweb.com.ar\/index.php?rest_route=%2Fwp%2Fv2%2Fcomments&post=14213"}],"version-history":[{"count":3,"href":"https:\/\/www.visionweb.com.ar\/index.php?rest_route=\/wp\/v2\/posts\/14213\/revisions"}],"predecessor-version":[{"id":14914,"href":"https:\/\/www.visionweb.com.ar\/index.php?rest_route=\/wp\/v2\/posts\/14213\/revisions\/14914"}],"wp:featuredmedia":[{"embeddable":true,"href":"https:\/\/www.visionweb.com.ar\/index.php?rest_route=\/wp\/v2\/media\/1574"}],"wp:attachment":[{"href":"https:\/\/www.visionweb.com.ar\/index.php?rest_route=%2Fwp%2Fv2%2Fmedia&parent=14213"}],"wp:term":[{"taxonomy":"category","embeddable":true,"href":"https:\/\/www.visionweb.com.ar\/index.php?rest_route=%2Fwp%2Fv2%2Fcategories&post=14213"},{"taxonomy":"post_tag","embeddable":true,"href":"https:\/\/www.visionweb.com.ar\/index.php?rest_route=%2Fwp%2Fv2%2Ftags&post=14213"}],"curies":[{"name":"wp","href":"https:\/\/api.w.org\/{rel}","templated":true}]}}