{"id":14189,"date":"2024-04-10T09:29:08","date_gmt":"2024-04-10T12:29:08","guid":{"rendered":"https:\/\/www.visionweb.com.ar\/?p=14189"},"modified":"2024-04-10T09:29:08","modified_gmt":"2024-04-10T12:29:08","slug":"derogan-el-dnu-que-controlaba-los-precios-de-los-servicios-de-cable-internet-y-celular","status":"publish","type":"post","link":"https:\/\/www.visionweb.com.ar\/?p=14189","title":{"rendered":"Derogan el DNU que controlaba los precios de los servicios de cable, Internet y celular"},"content":{"rendered":"<p><em><strong>Se puso fin a una decisi\u00f3n de Alberto Fern\u00e1n por la cual el Enacom congelaba los precios y fijaba los aumentos.<\/strong><\/em><!--more--><\/p>\n<p><img loading=\"lazy\" decoding=\"async\" class=\"size-full wp-image-1794 alignright\" src=\"https:\/\/www.visionweb.com.ar\/wp-content\/uploads\/2021\/06\/telefonia-movil.bmp\" alt=\"\" width=\"486\" height=\"237\" \/>El Gobierno nacional derog\u00f3 el Decreto de Necesidad y Urgencia (DNU) 690\/2020 que promulg\u00f3 la gesti\u00f3n del ex presidente\u00a0 Alberto Fern\u00e1ndez en 2020, donde se declaraba como servicios p\u00fablicos esenciales a internet, la telefon\u00eda y la televisi\u00f3n por cable.<\/p>\n<p>Lo hizo a trav\u00e9s de otro decreto, el 302\/2024, que fue publicado este mi\u00e9rcoles en el Bolet\u00edn Oficial, donde puso fin a la regulaci\u00f3n de los precios del mercado a trav\u00e9s del Enacom, que tambi\u00e9n establec\u00eda los aumentos.<\/p>\n<p>\u201cEl presidente en acuerdo general de ministros decreta: art\u00edculo.- Sustit\u00fayese el art\u00edculo 48 de la Ley Argentina Digital N\u00b0 27.078 y sus modificatorias por el siguiente \u00b4los licenciatarios de Servicios de TIC fijar\u00e1n sus precios, los que deber\u00e1n ser justos y razonables, cubrir los costos de la explotaci\u00f3n y tender a la prestaci\u00f3n eficiente y a un margen razonable de operaci\u00f3n\u00b4\u201d, establece la normativa.<\/p>\n<p>Durante la pandemia de Covid-19 y la cuarentena decretada por el Gobierno de Alberto Fern\u00e1ndez, los servicios de Internet, telefon\u00eda y cable fueron declarados como esenciales y era el Ente Nacional de Comunicaciones el que establec\u00eda los aumentos tarifarios de las empresas prestadoras.<\/p>\n<p>Ahora, los licenciatarios de servicios TIC podr\u00e1n establecer sus tarifas. El objetivo es fomentar la competencia y tambi\u00e9n generar inversiones para mejorar la calidad de los servicios ofrecidos a los consumidores.<\/p>\n<p>En febrero, el rubro Comunicaciones registr\u00f3 una suba del 24,7% mensual, de acuerdo con el \u00cdndice de Precios al Consumidor (IPC) difundido por el Indec. Mientras que en enero, la variaci\u00f3n fue del 25,1%; en diciembre, del 15,6%; en noviembre las tarifas se incrementaron un 15,2% promedio; y en octubre, 12,6%.<\/p>\n<p>\u201cQue es de destacar que ante el creciente desarrollo de los servicios de telecomunicaciones, la contemplaci\u00f3n de las diferentes circunstancias del mercado resulta fundamental, tanto para favorecer su dinamismo y generar un equilibrio competitivo sostenible como para asegurar una mayor oferta de servicios a los usuarios a precios justos y con mayor calidad, extremos que se contraponen con la regulaci\u00f3n tarifaria establecida por el Decreto N\u00b0 690\/20\u201d, agrega el decreto.<\/p>\n<p>El decreto lleva la firma del presidente Milei, los ocho ministros nacionales y el jefe de Gabinete, Nicol\u00e1s Posse<strong>(VW)<\/strong>.<\/p>\n","protected":false},"excerpt":{"rendered":"<p>Se puso fin a una decisi\u00f3n de Alberto Fern\u00e1n por la cual el Enacom congelaba los precios y fijaba los aumentos.<\/p>\n","protected":false},"author":3,"featured_media":1794,"comment_status":"closed","ping_status":"closed","sticky":false,"template":"","format":"standard","meta":{"_monsterinsights_skip_tracking":false,"_monsterinsights_sitenote_active":false,"_monsterinsights_sitenote_note":"","_monsterinsights_sitenote_category":0,"footnotes":""},"categories":[3],"tags":[5464,676,867,2139,868],"class_list":["post-14189","post","type-post","status-publish","format-standard","has-post-thumbnail","hentry","category-actualidad","tag-aumnetos","tag-dnu","tag-enacom","tag-internet","tag-telefonia"],"_links":{"self":[{"href":"https:\/\/www.visionweb.com.ar\/index.php?rest_route=\/wp\/v2\/posts\/14189","targetHints":{"allow":["GET"]}}],"collection":[{"href":"https:\/\/www.visionweb.com.ar\/index.php?rest_route=\/wp\/v2\/posts"}],"about":[{"href":"https:\/\/www.visionweb.com.ar\/index.php?rest_route=\/wp\/v2\/types\/post"}],"author":[{"embeddable":true,"href":"https:\/\/www.visionweb.com.ar\/index.php?rest_route=\/wp\/v2\/users\/3"}],"replies":[{"embeddable":true,"href":"https:\/\/www.visionweb.com.ar\/index.php?rest_route=%2Fwp%2Fv2%2Fcomments&post=14189"}],"version-history":[{"count":1,"href":"https:\/\/www.visionweb.com.ar\/index.php?rest_route=\/wp\/v2\/posts\/14189\/revisions"}],"predecessor-version":[{"id":14190,"href":"https:\/\/www.visionweb.com.ar\/index.php?rest_route=\/wp\/v2\/posts\/14189\/revisions\/14190"}],"wp:featuredmedia":[{"embeddable":true,"href":"https:\/\/www.visionweb.com.ar\/index.php?rest_route=\/wp\/v2\/media\/1794"}],"wp:attachment":[{"href":"https:\/\/www.visionweb.com.ar\/index.php?rest_route=%2Fwp%2Fv2%2Fmedia&parent=14189"}],"wp:term":[{"taxonomy":"category","embeddable":true,"href":"https:\/\/www.visionweb.com.ar\/index.php?rest_route=%2Fwp%2Fv2%2Fcategories&post=14189"},{"taxonomy":"post_tag","embeddable":true,"href":"https:\/\/www.visionweb.com.ar\/index.php?rest_route=%2Fwp%2Fv2%2Ftags&post=14189"}],"curies":[{"name":"wp","href":"https:\/\/api.w.org\/{rel}","templated":true}]}}