{"id":14183,"date":"2024-04-10T08:40:01","date_gmt":"2024-04-10T11:40:01","guid":{"rendered":"https:\/\/www.visionweb.com.ar\/?p=14183"},"modified":"2024-04-10T08:40:01","modified_gmt":"2024-04-10T11:40:01","slug":"la-inflacion-en-caba-llego-a-132-en-marzo-y-acumulo-573-en-el-trimestre","status":"publish","type":"post","link":"https:\/\/www.visionweb.com.ar\/?p=14183","title":{"rendered":"La inflaci\u00f3n en CABA lleg\u00f3 a 13,2% en marzo y acumul\u00f3 57,3% en el trimestre"},"content":{"rendered":"<p><em><strong>En la comparaci\u00f3n interanual, alcanz\u00f3 el 285,3%. Los alimentos alcanzaron una suba de 11% en el mes y acumularon en el trimestre un 60%. En un a\u00f1o el acumulado es de 336,9% en ese rubro.<\/strong><\/em><!--more--><\/p>\n<p><strong><img loading=\"lazy\" decoding=\"async\" class=\"size-full wp-image-7465 alignright\" src=\"https:\/\/www.visionweb.com.ar\/wp-content\/uploads\/2022\/09\/billetera-vacia.bmp\" alt=\"\" width=\"591\" height=\"372\" \/>\u00a0\u00a0\u00a0\u00a0 L<\/strong>a<strong> Direcci\u00f3n General de Estad\u00edsticas y Censos porte\u00f1a inform\u00f3 que la inflaci\u00f3n en la Ciudad de Buenos Aires de marzo fue del 13,2%<\/strong>, mayormente por impacto de la suba de los servicios p\u00fablicos, las cuotas de los colegios privados y de las prepagas, mientras, en<strong> la comparaci\u00f3n interanual, alcanz\u00f3 el 285,3%.<\/strong><\/p>\n<p>La suba de 13,2% significa En la medici\u00f3n que realiza la Ciudad de Buenos Aires hay una\u00a0<strong>mayor incidencia del rubro servicios<\/strong>, por lo cual impactan en mayor medida los aumentos de las tarifas de energ\u00eda, transporte y las cuotas de educaci\u00f3n privada y servicios de salud.<\/p>\n<p>Con el resultado de marzo, que marca una\u00a0<strong>leve desaceleraci\u00f3n respecto al 14,1% de febrero, el primer trimestre en la Ciudad de Buenos Aires cerr\u00f3 con una variaci\u00f3n acumulada de 57,3 por ciento.<\/strong>\u00a0En comparaci\u00f3n con el mismo mes del a\u00f1o pasado la inflaci\u00f3n trep\u00f3 a 285,3 por ciento.<\/p>\n<p>El informe de la oficina de estad\u00edstica porte\u00f1a indic\u00f3 que los <strong>bienes subieron 9,7%<\/strong>, mientras que los <strong>servicios lo hicieron 16,3%.<\/strong><\/p>\n<p>A su vez los precios estacionales (<strong>frutas y verduras, por ejemplo) subieron 5,4%, mientras que los regulados (tarifas) lo hicieron 22.4%.<\/strong><\/p>\n<p>Seg\u00fan la apertura de la muestra, Educaci\u00f3n lider\u00f3 las subas con un alza de 36,8%, seguido por \u201cinformaci\u00f3n y comunicaci\u00f3n con 24,5%. Luego aparece \u201cvivienda\u201d con un incremento de 17,9% y \u201csalud\u201d qued\u00f3 en un cuarto escal\u00f3n con 16,9%.<\/p>\n<p>De acuerdo a la medici\u00f3n de CABA\u00a0<strong>los alimentos alcanzaron una suba de 11% en el mes y acumulan en el trimestre un incremento de 60%<\/strong>. En un a\u00f1o el acumulado es de 336,9%.<\/p>\n<p>Al interior de la divisi\u00f3n, los principales impulsos provinieron de Leche, productos l\u00e1cteos y huevos (18,2%), Carnes y derivados (9,4%), Verduras, tub\u00e9rculos y legumbres (22,4%) y Pan y cereales (8,8%).<\/p>\n<p>Los elementos de cuidado y aseo personal mostraron un incremento de 10%.<\/p>\n<p>En tanto, el sector textil exhibi\u00f3 un incremento de precios de 11,2%.<\/p>\n<p>A su vez, el equipamiento del hogar mostr\u00f3 un alza de 8,6%, similar al que se registr\u00f3 en transporte (8,5%). <strong>(VW)<\/strong><\/p>\n","protected":false},"excerpt":{"rendered":"<p>En la comparaci\u00f3n interanual, alcanz\u00f3 el 285,3%. Los alimentos alcanzaron una suba de 11% en el mes y acumularon en el trimestre un 60%. En un a\u00f1o el acumulado es de 336,9% en ese&#46;&#46;&#46;<\/p>\n","protected":false},"author":4,"featured_media":7465,"comment_status":"closed","ping_status":"closed","sticky":false,"template":"","format":"standard","meta":{"_monsterinsights_skip_tracking":false,"_monsterinsights_sitenote_active":false,"_monsterinsights_sitenote_note":"","_monsterinsights_sitenote_category":0,"footnotes":""},"categories":[6],"tags":[5933],"class_list":["post-14183","post","type-post","status-publish","format-standard","has-post-thumbnail","hentry","category-economia","tag-inflacion-marzo-caba"],"_links":{"self":[{"href":"https:\/\/www.visionweb.com.ar\/index.php?rest_route=\/wp\/v2\/posts\/14183","targetHints":{"allow":["GET"]}}],"collection":[{"href":"https:\/\/www.visionweb.com.ar\/index.php?rest_route=\/wp\/v2\/posts"}],"about":[{"href":"https:\/\/www.visionweb.com.ar\/index.php?rest_route=\/wp\/v2\/types\/post"}],"author":[{"embeddable":true,"href":"https:\/\/www.visionweb.com.ar\/index.php?rest_route=\/wp\/v2\/users\/4"}],"replies":[{"embeddable":true,"href":"https:\/\/www.visionweb.com.ar\/index.php?rest_route=%2Fwp%2Fv2%2Fcomments&post=14183"}],"version-history":[{"count":1,"href":"https:\/\/www.visionweb.com.ar\/index.php?rest_route=\/wp\/v2\/posts\/14183\/revisions"}],"predecessor-version":[{"id":14186,"href":"https:\/\/www.visionweb.com.ar\/index.php?rest_route=\/wp\/v2\/posts\/14183\/revisions\/14186"}],"wp:featuredmedia":[{"embeddable":true,"href":"https:\/\/www.visionweb.com.ar\/index.php?rest_route=\/wp\/v2\/media\/7465"}],"wp:attachment":[{"href":"https:\/\/www.visionweb.com.ar\/index.php?rest_route=%2Fwp%2Fv2%2Fmedia&parent=14183"}],"wp:term":[{"taxonomy":"category","embeddable":true,"href":"https:\/\/www.visionweb.com.ar\/index.php?rest_route=%2Fwp%2Fv2%2Fcategories&post=14183"},{"taxonomy":"post_tag","embeddable":true,"href":"https:\/\/www.visionweb.com.ar\/index.php?rest_route=%2Fwp%2Fv2%2Ftags&post=14183"}],"curies":[{"name":"wp","href":"https:\/\/api.w.org\/{rel}","templated":true}]}}