{"id":14178,"date":"2024-04-09T10:03:26","date_gmt":"2024-04-09T13:03:26","guid":{"rendered":"https:\/\/www.visionweb.com.ar\/?p=14178"},"modified":"2024-04-09T10:03:26","modified_gmt":"2024-04-09T13:03:26","slug":"la-conexion-submarina-firmina-de-google-llego-a-las-toninas","status":"publish","type":"post","link":"https:\/\/www.visionweb.com.ar\/?p=14178","title":{"rendered":"La conexi\u00f3n submarina Firmina de Google lleg\u00f3 a Las Toninas"},"content":{"rendered":"<p><em><strong>El cable submarino internacional Firmina de Google arrib\u00f3 a Las Toninas para conectar la costa este de los Estados Unidos con Argentina, Brasil y Uruguay. Promete avances tecnol\u00f3gicos.<\/strong><strong>\u00a0<\/strong><\/em><!--more--><\/p>\n<p><strong>\u00a0 <img loading=\"lazy\" decoding=\"async\" class=\"size-medium wp-image-14179 alignright\" src=\"https:\/\/www.visionweb.com.ar\/wp-content\/uploads\/2024\/04\/cable-google-firmina-225x300.png\" alt=\"\" width=\"225\" height=\"300\" srcset=\"https:\/\/www.visionweb.com.ar\/wp-content\/uploads\/2024\/04\/cable-google-firmina-225x300.png 225w, https:\/\/www.visionweb.com.ar\/wp-content\/uploads\/2024\/04\/cable-google-firmina.png 360w\" sizes=\"auto, (max-width: 225px) 100vw, 225px\" \/>\u00a0 \u00a0\u00a0\u00a0E<\/strong>ste proyecto de <strong>Google<\/strong> fue dise\u00f1ado para <strong>mejorar la conectividad de la red<\/strong> en la regi\u00f3n, conecta la costa este de los Estados Unidos con Argentina (en la localidad bonaerense de <strong>Las Toninas<\/strong>), Brasil y Uruguay.<\/p>\n<p>El\u00a0<strong>cable submarino internacional Firmina<\/strong> representa un logro significativo en la infraestructura de telecomunicaciones de Am\u00e9rica del Sur.<\/p>\n<p>La llegada de este proyecto a la Provincia, anunciado en 2021, es un potencial catalizador de desarrollo econ\u00f3mico y tecnol\u00f3gico.<\/p>\n<p>Se trata del <strong>cable submarino m\u00e1s largo del mundo<\/strong>, con una longitud de aproximadamente 13.500 kil\u00f3metros, Firmina est\u00e1 dise\u00f1ado para operar \u00edntegramente con una \u00fanica fuente de energ\u00eda en uno de los extremos del cable, en caso de que sus otras fuentes de energ\u00eda no est\u00e9n disponibles temporalmente.<\/p>\n<p>La construcci\u00f3n de Firmina se anunci\u00f3 con el objetivo de duplicar la capacidad potencialmente accesible de los cables submarinos en Argentina, lo que <strong>se traduce en una mejora sustancial en la conectividad dentro del pa\u00eds<\/strong>.<\/p>\n<p>Adem\u00e1s, se espera que hasta 2027, Firmina y el cable submarino Tannat tengan un impacto en la econom\u00eda local de 23.700 millones de d\u00f3lares en el PBI.<\/p>\n<p>Firmina no solo <strong>mejorar\u00e1 el acceso a los servicios de Google<\/strong> para los usuarios de Am\u00e9rica del Sur, sino que tambi\u00e9n transportar\u00e1 tr\u00e1fico de forma r\u00e1pida y segura entre Am\u00e9rica del Norte y del Sur, brindando a los usuarios acceso r\u00e1pido y de baja latencia a productos de Google como B\u00fasqueda, Gmail y YouTube, as\u00ed como a los servicios de Google Cloud.<\/p>\n<div id=\"attachment_14180\" style=\"width: 310px\" class=\"wp-caption alignleft\"><img loading=\"lazy\" decoding=\"async\" aria-describedby=\"caption-attachment-14180\" class=\"wp-image-14180 size-medium\" src=\"https:\/\/www.visionweb.com.ar\/wp-content\/uploads\/2024\/04\/cable-firmina-google-300x169.png\" alt=\"\" width=\"300\" height=\"169\" srcset=\"https:\/\/www.visionweb.com.ar\/wp-content\/uploads\/2024\/04\/cable-firmina-google-300x169.png 300w, https:\/\/www.visionweb.com.ar\/wp-content\/uploads\/2024\/04\/cable-firmina-google.png 492w\" sizes=\"auto, (max-width: 300px) 100vw, 300px\" \/><p id=\"caption-attachment-14180\" class=\"wp-caption-text\">Im\u00e1genes de Google<\/p><\/div>\n<p><strong>Por qu\u00e9 se llama Firmina:<\/strong><\/p>\n<p>El cable lleva el nombre de <strong>Maria Firmina dos Reis<\/strong>, una escritora y abolicionista brasile\u00f1a cuya obra literaria destac\u00f3 por su defensa de los derechos de los afrobrasile\u00f1os y su cr\u00edtica al sistema esclavista.<\/p>\n<p>La llegada del cable Firmina es una verdadera proeza de la ingenier\u00eda moderna, y tambi\u00e9n un puente hacia el futuro de la conectividad en Am\u00e9rica del Sur.<\/p>\n<p>Su llegada a Las Toninas promete un impacto positivo tanto en la vida cotidiana de las personas como en el panorama econ\u00f3mico y tecnol\u00f3gico de Argentina y sus pa\u00edses vecinos.<\/p>\n<p><strong>Las Toninas<\/strong> es una localidad costera de la Provincia de Buenos Aires, y se convirti\u00f3 en un punto neur\u00e1lgico para la conectividad de Am\u00e9rica del Sur. Ahora <strong>su importancia crece a\u00fan m\u00e1s gracias a la llegada del cable submarino Firmina<\/strong>.<\/p>\n<p>Este proyecto no solo mejora la infraestructura de red existente, sino que tambi\u00e9n promete impulsar el desarrollo local, atrayendo inversiones y fomentando la innovaci\u00f3n tecnol\u00f3gica. La elecci\u00f3n de Las Toninas como centro receptor del cable subraya su importancia estrat\u00e9gica. <strong>(VW)<\/strong><\/p>\n","protected":false},"excerpt":{"rendered":"<p>El cable submarino internacional Firmina de Google arrib\u00f3 a Las Toninas para conectar la costa este de los Estados Unidos con Argentina, Brasil y Uruguay. Promete avances tecnol\u00f3gicos.\u00a0<\/p>\n","protected":false},"author":4,"featured_media":14180,"comment_status":"closed","ping_status":"closed","sticky":false,"template":"","format":"standard","meta":{"_monsterinsights_skip_tracking":false,"_monsterinsights_sitenote_active":false,"_monsterinsights_sitenote_note":"","_monsterinsights_sitenote_category":0,"footnotes":""},"categories":[8],"tags":[5929,918,2130,5930],"class_list":["post-14178","post","type-post","status-publish","format-standard","has-post-thumbnail","hentry","category-interes-general","tag-cable-submarino-firmina","tag-conectividad","tag-google","tag-las-toninas"],"_links":{"self":[{"href":"https:\/\/www.visionweb.com.ar\/index.php?rest_route=\/wp\/v2\/posts\/14178","targetHints":{"allow":["GET"]}}],"collection":[{"href":"https:\/\/www.visionweb.com.ar\/index.php?rest_route=\/wp\/v2\/posts"}],"about":[{"href":"https:\/\/www.visionweb.com.ar\/index.php?rest_route=\/wp\/v2\/types\/post"}],"author":[{"embeddable":true,"href":"https:\/\/www.visionweb.com.ar\/index.php?rest_route=\/wp\/v2\/users\/4"}],"replies":[{"embeddable":true,"href":"https:\/\/www.visionweb.com.ar\/index.php?rest_route=%2Fwp%2Fv2%2Fcomments&post=14178"}],"version-history":[{"count":1,"href":"https:\/\/www.visionweb.com.ar\/index.php?rest_route=\/wp\/v2\/posts\/14178\/revisions"}],"predecessor-version":[{"id":14181,"href":"https:\/\/www.visionweb.com.ar\/index.php?rest_route=\/wp\/v2\/posts\/14178\/revisions\/14181"}],"wp:featuredmedia":[{"embeddable":true,"href":"https:\/\/www.visionweb.com.ar\/index.php?rest_route=\/wp\/v2\/media\/14180"}],"wp:attachment":[{"href":"https:\/\/www.visionweb.com.ar\/index.php?rest_route=%2Fwp%2Fv2%2Fmedia&parent=14178"}],"wp:term":[{"taxonomy":"category","embeddable":true,"href":"https:\/\/www.visionweb.com.ar\/index.php?rest_route=%2Fwp%2Fv2%2Fcategories&post=14178"},{"taxonomy":"post_tag","embeddable":true,"href":"https:\/\/www.visionweb.com.ar\/index.php?rest_route=%2Fwp%2Fv2%2Ftags&post=14178"}],"curies":[{"name":"wp","href":"https:\/\/api.w.org\/{rel}","templated":true}]}}