{"id":14176,"date":"2024-04-09T09:27:22","date_gmt":"2024-04-09T12:27:22","guid":{"rendered":"https:\/\/www.visionweb.com.ar\/?p=14176"},"modified":"2024-04-09T09:27:22","modified_gmt":"2024-04-09T12:27:22","slug":"anses-jubilados-y-pensionados-cobraran-en-dos-tramos","status":"publish","type":"post","link":"https:\/\/www.visionweb.com.ar\/?p=14176","title":{"rendered":"Anses: Jubilados y pensionados cobrar\u00e1n en dos tramos"},"content":{"rendered":"<p><em><strong>Los jubilados y pensionados que cobren antes del 17 de abril recibir\u00e1n el pago en dos tramos. Los que aportaron m\u00e1s de 30 a\u00f1os van a cobrar el aumento en la fecha indicada, castigados a percibir iguales valores que las prestaciones m\u00ednimas.<\/strong><\/em><!--more--><\/p>\n<p><strong><img loading=\"lazy\" decoding=\"async\" class=\"size-full wp-image-6539 alignleft\" src=\"https:\/\/www.visionweb.com.ar\/wp-content\/uploads\/2022\/07\/Anses-local.bmp\" alt=\"\" width=\"495\" height=\"214\" \/>\u00a0\u00a0 <\/strong><strong>L<\/strong>a\u00a0<strong>Administraci\u00f3n Nacional de la Seguridad Social (ANSES) <\/strong>inform\u00f3 que a partir del pr\u00f3ximo mi\u00e9rcoles 17 de abril comenzar\u00e1 el pago de la movilidad para jubilados y pensionados que hayan cobrado sus haberes correspondientes a abril antes de esa fecha. Las jubilaciones m\u00ednimas cobrar\u00e1n, adem\u00e1s, el bono de 70 mil pesos.<\/p>\n<p>De acuerdo <strong>\u00a0<\/strong><strong><a href=\"https:\/\/www.boletinoficial.gob.ar\/detalleAviso\/primera\/304987\/20240321\">al Decreto 268\/24<\/a><\/strong>\u00a0publicado en el Bolet\u00edn Oficial a fines de marzo,\u00a0<strong>la \u00abayuda econ\u00f3mica previsional\u00bb ser\u00e1 de hasta 70000 pesos<\/strong>. El objetivo es que nadie perciba menos de\u00a0<strong>204.445,30 pesos<\/strong>\u00a0mensuales, por lo cual quienes cobren 134.445,30 recibir\u00e1n el bono completo y quienes cobren m\u00e1s recibir\u00e1n la diferencia hasta llegar a esa cifra.<\/p>\n<p><strong>Esto repite y contin\u00faa la acci\u00f3n que comenz\u00f3 en el gobierno anterior Sergio Massa, que promedi\u00f3 hacia abajo los sueldos de las jubilaciones de las personas que s\u00ed aportaron m\u00e1s de 30 a\u00f1os<\/strong>, es decir que sin importar m\u00e9ritos, <strong>nivel\u00f3 los sueldos con las jubilaciones m\u00ednimas<\/strong>.<\/p>\n<p>Seg\u00fan inform\u00f3 el organismo nacional,\u00a0<strong>\u00abaquellos jubilados y pensionados que tienen fecha de cobro del haber a partir del 17 de abril, cobrar\u00e1n todo junto con el calendario habitual\u00bb.<\/strong><\/p>\n<p><strong>Tambi\u00e9n el organismo<\/strong> agreg\u00f3 que \u00abel calendario complementario se aplica en el marco de la transici\u00f3n de la f\u00f3rmula jubilatoria vigente a la nueva f\u00f3rmula oficializada por el Gobierno nacional, que entrar\u00e1 en vigencia en el mes de julio, y que actualizar\u00e1 las jubilaciones mensualmente tomando como base el \u00cdndice de Precios al Consumidor\u00bb.<\/p>\n<p>La Administraci\u00f3n Nacional de Seguridad Social (<a href=\"https:\/\/twitter.com\/ansesgob\">Anses<\/a>) dio a conocer ayer lunes\u00a0<strong>el cronograma de pago de los aumentos en las jubilaciones y el bono de 70 mil pesos.<\/strong><\/p>\n<p><strong>Pensiones No Contributivas:<\/strong><\/p>\n<ul>\n<li>Documentos terminados en 0 y 1: 17 de abril<\/li>\n<li>Documentos terminados en 2 y 3: 18 de abril<\/li>\n<li>Documentos terminados en 4 y 5: 19 de abril<\/li>\n<li>Documentos terminados en 6 y 7: 22 de abril<\/li>\n<li>Documentos terminados en 8 y 9: 23 de abril<\/li>\n<\/ul>\n<p><strong>Jubilaciones y pensiones<\/strong><\/p>\n<ul>\n<li>Documentos terminados en 0: 17 de abril<\/li>\n<li>Documentos terminados en 1: 18 de abril<\/li>\n<li>Documentos terminados en 2: 19 de abril<\/li>\n<li>Documentos terminados en 3: 22 de abril<\/li>\n<li>Documentos terminados en 4: 23 de abril<\/li>\n<\/ul>\n<p><strong>Aquellos jubilados y pensionados que tienen fecha de cobro del haber a partir del 17 de abril, cobrar\u00e1n todo junto con el calendario habitual.<\/strong><\/p>\n<p><img loading=\"lazy\" decoding=\"async\" class=\"size-full wp-image-5058 alignright\" src=\"https:\/\/www.visionweb.com.ar\/wp-content\/uploads\/2022\/03\/FOTO-RECORTE-JUBILADOS.bmp\" alt=\"\" width=\"626\" height=\"435\" \/>\u201cEl calendario complementario se aplica en el marco de la transici\u00f3n de la f\u00f3rmula jubilatoria vigente a la nueva f\u00f3rmula oficializada por el Gobierno, que entrar\u00e1 en vigencia en el mes de julio, y que actualizar\u00e1 las jubilaciones mensualmente tomando como base el \u00cdndice de Precios al Consumidor\u201d, inform\u00f3 Anses.<\/p>\n<p>En abril los jubilados y pensionados recibir\u00e1n un incremento extraordinario de <strong>12,5 por ciento<\/strong> para <strong>compensar parcialmente las p\u00e9rdidas ocasionadas por el proceso inflacionario<\/strong> del \u00faltimo a\u00f1o. Asimismo, se adicionar\u00e1 el <strong>13,24 por ciento correspondiente al IPC de febrero<\/strong> a cuenta de la movilidad a pagar en junio de 2024.<\/p>\n<p>As\u00ed,\u00a0<strong>la jubilaci\u00f3n m\u00ednima de abril ser\u00e1 de 171.283,31 pesos. A ese monto se le adicionara el pago de un bono de 70 mil pesos<\/strong>, y alcanzar\u00e1n los 241.283,31 pesos. <strong>(VW)<\/strong><\/p>\n<p>&nbsp;<\/p>\n","protected":false},"excerpt":{"rendered":"<p>Los jubilados y pensionados que cobren antes del 17 de abril recibir\u00e1n el pago en dos tramos. Los que aportaron m\u00e1s de 30 a\u00f1os van a cobrar el aumento en la fecha indicada, castigados&#46;&#46;&#46;<\/p>\n","protected":false},"author":4,"featured_media":5058,"comment_status":"closed","ping_status":"closed","sticky":false,"template":"","format":"standard","meta":{"_monsterinsights_skip_tracking":false,"_monsterinsights_sitenote_active":false,"_monsterinsights_sitenote_note":"","_monsterinsights_sitenote_category":0,"footnotes":""},"categories":[6,4,5],"tags":[300,5927,478,5928],"class_list":["post-14176","post","type-post","status-publish","format-standard","has-post-thumbnail","hentry","category-economia","category-politica","category-sociedad","tag-anses","tag-calendariode-pagos","tag-jubilaciones","tag-pago-en-dos-tramos"],"_links":{"self":[{"href":"https:\/\/www.visionweb.com.ar\/index.php?rest_route=\/wp\/v2\/posts\/14176","targetHints":{"allow":["GET"]}}],"collection":[{"href":"https:\/\/www.visionweb.com.ar\/index.php?rest_route=\/wp\/v2\/posts"}],"about":[{"href":"https:\/\/www.visionweb.com.ar\/index.php?rest_route=\/wp\/v2\/types\/post"}],"author":[{"embeddable":true,"href":"https:\/\/www.visionweb.com.ar\/index.php?rest_route=\/wp\/v2\/users\/4"}],"replies":[{"embeddable":true,"href":"https:\/\/www.visionweb.com.ar\/index.php?rest_route=%2Fwp%2Fv2%2Fcomments&post=14176"}],"version-history":[{"count":1,"href":"https:\/\/www.visionweb.com.ar\/index.php?rest_route=\/wp\/v2\/posts\/14176\/revisions"}],"predecessor-version":[{"id":14177,"href":"https:\/\/www.visionweb.com.ar\/index.php?rest_route=\/wp\/v2\/posts\/14176\/revisions\/14177"}],"wp:featuredmedia":[{"embeddable":true,"href":"https:\/\/www.visionweb.com.ar\/index.php?rest_route=\/wp\/v2\/media\/5058"}],"wp:attachment":[{"href":"https:\/\/www.visionweb.com.ar\/index.php?rest_route=%2Fwp%2Fv2%2Fmedia&parent=14176"}],"wp:term":[{"taxonomy":"category","embeddable":true,"href":"https:\/\/www.visionweb.com.ar\/index.php?rest_route=%2Fwp%2Fv2%2Fcategories&post=14176"},{"taxonomy":"post_tag","embeddable":true,"href":"https:\/\/www.visionweb.com.ar\/index.php?rest_route=%2Fwp%2Fv2%2Ftags&post=14176"}],"curies":[{"name":"wp","href":"https:\/\/api.w.org\/{rel}","templated":true}]}}