{"id":14157,"date":"2024-04-08T09:48:22","date_gmt":"2024-04-08T12:48:22","guid":{"rendered":"https:\/\/www.visionweb.com.ar\/?p=14157"},"modified":"2024-04-08T09:48:22","modified_gmt":"2024-04-08T12:48:22","slug":"colectivos-sigue-el-conflicto-y-el-paro-de-choferes-podria-pasar-a-manana-martes","status":"publish","type":"post","link":"https:\/\/www.visionweb.com.ar\/?p=14157","title":{"rendered":"Colectivos: Sigue el conflicto y el paro de choferes podr\u00eda pasar a ma\u00f1ana martes"},"content":{"rendered":"<p><strong>L<em>a UTA amenaza con medidas de fuerza a partir de las 18 en el AMBA. El gremio reclama el pago de salarios con los aumentos establecidos y las empresas alertan que no cuentan con fondos.<\/em><\/strong><em><strong>\u00a0<\/strong><\/em><!--more--><\/p>\n<p><strong><img loading=\"lazy\" decoding=\"async\" class=\"size-medium wp-image-9729 alignright\" src=\"https:\/\/www.visionweb.com.ar\/wp-content\/uploads\/2023\/02\/COLECTIVOS-300x162.png\" alt=\"\" width=\"300\" height=\"162\" srcset=\"https:\/\/www.visionweb.com.ar\/wp-content\/uploads\/2023\/02\/COLECTIVOS-300x162.png 300w, https:\/\/www.visionweb.com.ar\/wp-content\/uploads\/2023\/02\/COLECTIVOS.png 640w\" sizes=\"auto, (max-width: 300px) 100vw, 300px\" \/>\u00a0\u00a0\u00a0 E<\/strong>l posible\u00a0<strong>paro<\/strong>\u00a0de choferes de\u00a0<strong>colectivos<\/strong>\u00a0nucleados en la Uni\u00f3n Tranviarios Automotor (<strong>UTA<\/strong>), podr\u00eda efectivizarse desde las 18 horas de este lunes, o desde las cero horas del martes 9 en reclamo por el\u00a0<strong>pago de salarios<\/strong>, ya que el sindicato que conduce\u00a0<strong>Roberto Fern\u00e1ndez<\/strong>\u00a0se declar\u00f3 \u00aben estado de alerta\u00bb frente a lo que llamaron \u00abincumplimiento del acuerdo salarial\u00bb.<\/p>\n<p>Seg\u00fan se inform\u00f3 oficialmente,\u00a0<strong>las c\u00e1maras empresarias alegan \u00abno contar con fondos\u00bb para hacer frente al acuerdo paritario que firmaron en febrero<\/strong>.<\/p>\n<p>Hoy se realizar\u00e1n asambleas en las cabeceras de las diversas l\u00edneas de colectivos para decidir si se convocar\u00e1 a un\u00a0<strong>paro para ma\u00f1ana<\/strong>, situaci\u00f3n que impactar\u00eda a las l\u00edneas que operan bajo la\u00a0<strong>UTA<\/strong>\u00a0tanto en la Ciudad de Buenos Aires como en el conurbano bonaerense.<\/p>\n<p>\u00ab<strong>De verificarse dicho incumplimiento a partir del pr\u00f3ximo lunes 8 se ver\u00e1 afectada la normal prestaci\u00f3n del servicio p\u00fablico en el \u00e1rea del AMBA<\/strong>\u00ab, advirti\u00f3 la UTA.<\/p>\n<p>Hoy es el cuarto d\u00eda h\u00e1bil del mes, fecha l\u00edmite para que los choferes reciban sus haberes, y\u00a0<strong>las empresas tienen tiempo hasta hoy a las 3 de la tarde para liquidar los sueldos y, si no lo hacen, el paro de colectivos en el AMBA podr\u00eda ser ma\u00f1ana martes<\/strong>.<\/p>\n<p>R\u00e1pidamente, la Asociaci\u00f3n Argentina de Empresas del Transporte Automotor (<strong>AAETA<\/strong>) ofreci\u00f3 su versi\u00f3n de los hechos y apunt\u00f3 directamente contra el Gobierno Nacional de\u00a0<strong>Javier Milei<\/strong>. Seg\u00fan la entidad,\u00a0<strong>la UTA reclama, sobre la base del acuerdo salarial de febrero, aumentar el salario b\u00e1sico de 737.000 pesos a 987.000 pesos<\/strong>.<\/p>\n<p>El problema, seg\u00fan la AAETA, es que\u00a0<strong>los subsidios que reciben est\u00e1n basados en los $737 mil \u00abentonces las empresas no pueden honrar un monto, ni aunque jur\u00eddicamente sea v\u00e1lido\u00bb<\/strong>. A esto le sumaron \u00abotros errores de c\u00e1lculos debidamente presentados que hace que falten al menos 30% de la cobertura de costos contra la suma de tarifa y subsidios\u00bb. <strong>(VW)<\/strong><\/p>\n<p>&nbsp;<\/p>\n","protected":false},"excerpt":{"rendered":"<p>La UTA amenaza con medidas de fuerza a partir de las 18 en el AMBA. El gremio reclama el pago de salarios con los aumentos establecidos y las empresas alertan que no cuentan con&#46;&#46;&#46;<\/p>\n","protected":false},"author":4,"featured_media":9729,"comment_status":"closed","ping_status":"closed","sticky":false,"template":"","format":"standard","meta":{"_monsterinsights_skip_tracking":false,"_monsterinsights_sitenote_active":false,"_monsterinsights_sitenote_note":"","_monsterinsights_sitenote_category":0,"footnotes":""},"categories":[6,4,5],"tags":[5453,5918,2697],"class_list":["post-14157","post","type-post","status-publish","format-standard","has-post-thumbnail","hentry","category-economia","category-politica","category-sociedad","tag-colectivos-amba","tag-paro-de-choferes","tag-uta"],"_links":{"self":[{"href":"https:\/\/www.visionweb.com.ar\/index.php?rest_route=\/wp\/v2\/posts\/14157","targetHints":{"allow":["GET"]}}],"collection":[{"href":"https:\/\/www.visionweb.com.ar\/index.php?rest_route=\/wp\/v2\/posts"}],"about":[{"href":"https:\/\/www.visionweb.com.ar\/index.php?rest_route=\/wp\/v2\/types\/post"}],"author":[{"embeddable":true,"href":"https:\/\/www.visionweb.com.ar\/index.php?rest_route=\/wp\/v2\/users\/4"}],"replies":[{"embeddable":true,"href":"https:\/\/www.visionweb.com.ar\/index.php?rest_route=%2Fwp%2Fv2%2Fcomments&post=14157"}],"version-history":[{"count":1,"href":"https:\/\/www.visionweb.com.ar\/index.php?rest_route=\/wp\/v2\/posts\/14157\/revisions"}],"predecessor-version":[{"id":14160,"href":"https:\/\/www.visionweb.com.ar\/index.php?rest_route=\/wp\/v2\/posts\/14157\/revisions\/14160"}],"wp:featuredmedia":[{"embeddable":true,"href":"https:\/\/www.visionweb.com.ar\/index.php?rest_route=\/wp\/v2\/media\/9729"}],"wp:attachment":[{"href":"https:\/\/www.visionweb.com.ar\/index.php?rest_route=%2Fwp%2Fv2%2Fmedia&parent=14157"}],"wp:term":[{"taxonomy":"category","embeddable":true,"href":"https:\/\/www.visionweb.com.ar\/index.php?rest_route=%2Fwp%2Fv2%2Fcategories&post=14157"},{"taxonomy":"post_tag","embeddable":true,"href":"https:\/\/www.visionweb.com.ar\/index.php?rest_route=%2Fwp%2Fv2%2Ftags&post=14157"}],"curies":[{"name":"wp","href":"https:\/\/api.w.org\/{rel}","templated":true}]}}