{"id":14154,"date":"2024-04-08T09:29:59","date_gmt":"2024-04-08T12:29:59","guid":{"rendered":"https:\/\/www.visionweb.com.ar\/?p=14154"},"modified":"2024-04-08T09:32:29","modified_gmt":"2024-04-08T12:32:29","slug":"dengue-se-registraron-mas-de-50-000-casos-en-una-semana","status":"publish","type":"post","link":"https:\/\/www.visionweb.com.ar\/?p=14154","title":{"rendered":"Dengue: Se registraron m\u00e1s de 50.000 casos en una semana"},"content":{"rendered":"<p><em><strong>Los datos oficiales indican que ya se contabilizan m\u00e1s de 232.800 casos. hasta el momento se produjeron161 muertes por la enfermedad.<\/strong><\/em> <!--more--><\/p>\n<p><img loading=\"lazy\" decoding=\"async\" class=\"size-medium wp-image-10128 alignright\" src=\"https:\/\/www.visionweb.com.ar\/wp-content\/uploads\/2023\/03\/dengue-300x150.jpg\" alt=\"\" width=\"300\" height=\"150\" srcset=\"https:\/\/www.visionweb.com.ar\/wp-content\/uploads\/2023\/03\/dengue-300x150.jpg 300w, https:\/\/www.visionweb.com.ar\/wp-content\/uploads\/2023\/03\/dengue.jpg 444w\" sizes=\"auto, (max-width: 300px) 100vw, 300px\" \/>El Ministerio de Salud de la Naci\u00f3n inform\u00f3 en el \u00faltimo\u00a0<a href=\"https:\/\/bancos.salud.gob.ar\/bancos\/materiales-para-equipos-de-salud\/problematicas\/dengue\/\">Bolet\u00edn Epidemiol\u00f3gico Nocional (BEN)\u00a0<\/a>que en lo que va de la temporada 2023\/2024\u00a0<strong>se registraron en Argentina 232.996 casos de los cuales 215.885 corresponden a lo que va de 2024.\u00a0<\/strong>En tanto, el 90% de estos casos es aut\u00f3ctono, el 7% \u00a0est\u00e1 en investigaci\u00f3n y solo el 3% es importado. Adem\u00e1s, hasta el momento murieron 161 personas por la enfermedad.<\/p>\n<p>Cabe se\u00f1alar que\u00a0<strong>la vigilancia de la circulaci\u00f3n del dengue se realiza de manera estacional<\/strong>, abarcando desde la semana epidemiol\u00f3gica 31 de un a\u00f1o hasta la semana 30 del siguiente, de invierno a invierno, para abarcar completa la estaci\u00f3n calidad de primavera y verano.<\/p>\n<p>El domingo pasado el reporte del BEN hab\u00eda indicado 180.529 casos y 129 muertes, por lo que en la \u00faltima semana se confirmaron 52.467 contagios y 32 decesos.<\/p>\n<p>La medici\u00f3n hasta lo que va del a\u00f1o<strong>\u00a0ya super\u00f3 ampliamente el n\u00famero de casos r\u00e9cord registrado en la temporada anterior<\/strong>\u00a0\u2013 de julio de 2022 a julio de 2023 \u2013 , que alcanz\u00f3 unos 130.000 y 65 muertos.<\/p>\n<p>De acuerdo al BEN \u201cen la actualidad<strong>\u00a019 jurisdicciones en las 5 regiones del pa\u00eds registran circulaci\u00f3n viral aut\u00f3ctona\u00a0<\/strong>de dengue (todas las de las regiones NOA, NEA, Cuyo y Centro, y la provincia de La Pampa en la regi\u00f3n Sur\u201d.<\/p>\n<p>\u201cEn cuanto al an\u00e1lisis por regi\u00f3n, hasta el momento en esta temporada el mayor n\u00famero de casos -56%- es aportado por la regi\u00f3n Centro seguida por la regi\u00f3n NEA -24%- y NOA \u2013 19%-. En t\u00e9rminos de incidencia acumulada (casos cada cien mil habitantes) la elevada es hasta el momento la de la regi\u00f3n del NEA seguidas por NOA y Centro. Las regiones Cuyo y Sur son las que presentan el menor n\u00famero de casos y las incidencias acumuladas m\u00e1s bajas\u201d, a\u00f1adi\u00f3 el documento.<\/p>\n<p>De igual modo, el informe subray\u00f3 que en comparaci\u00f3n con otros a\u00f1os epid\u00e9micos,\u00a0<strong>la actual temporada se caracteriza por mayor magnitud que temporadas epid\u00e9micas previas:<\/strong>\u00a0los casos acumulados hasta la semana 13 representan\u00a0<strong>casi 4 veces los registrados en el mismo per\u00edodo de la temporada anterior -2022\/2023-<\/strong>\u00a0y m\u00e1s de 9 veces lo registrado en el mismo per\u00edodo de 2019\/2020.<\/p>\n<p>El dengue es una enfermedad viral transmitida por la picadura del mosquito Aedes aegypti.\u00a0<strong>Cuando el mosquito se alimenta con sangre de una persona infectada y luego pica a otras personas, puede transmitir la enfermedad.\u00a0<\/strong>El contagio no se produce de forma directa de una persona a otra, ni a trav\u00e9s de objetos o de la leche materna.<\/p>\n<h2 class=\"wp-block-heading\">Fases de la enfermedad y s\u00edntomas<\/h2>\n<p>La infecci\u00f3n de dengue\u00a0<strong>se manifiesta en tres fases:<\/strong>\u00a0febril, cr\u00edtica y de recuperaci\u00f3n. Para distinguirlas y tener en cuenta la evoluci\u00f3n de la enfermedad, desde el Ministerio de Salud bonaerense compartieron un spot animado donde se aclaran las caracter\u00edsticas de cada una de estas fases y los signos cl\u00ednicos que presentan.<\/p>\n<p>La\u00a0<strong>fase febril<\/strong>\u00a0puede durar hasta siete d\u00edas y es la que manifiesta la enfermedad. Se caracteriza por fiebre alta y constante, de entre 38 y 40 grados, malestar general, dolor de cabeza y articular, molestias musculares e irritaci\u00f3n de la piel con enrojecimiento. Se recomienda reposo, no automedicarse y tomar mucho l\u00edquido para eliminar toxinas. En caso de tener mucho dolor corporal o de cabeza, se indica tomar paracetamol.<\/p>\n<p>La<strong>\u00a0fase cr\u00edtica<\/strong>\u00a0aparece entre el tercer y s\u00e9ptimo d\u00eda de evoluci\u00f3n de la enfermedad. Si bien se puede experimentar cierta mejor\u00eda porque baja la fiebre alta, se recomienda permanecer en reposo. Pueden manifestarse otros s\u00edntomas en este per\u00edodo, que son los correspondientes a los del dengue grave, como problemas gastrointestinales, inflamaci\u00f3n del h\u00edgado, sangrado de mucosas, irritabilidad y somnolencia. Indican que basta un solo s\u00edntomas para acudir de inmediato al m\u00e9dico, porque el cuadro puede ser severo.<\/p>\n<p>La\u00a0<strong>fase de recuperaci\u00f3n\u00a0<\/strong>se da entre el s\u00e9ptimo y d\u00e9cimo d\u00edas de la infecci\u00f3n. Mejora del estado general de la persona y los s\u00edntomas decrecen. En tanto, quienes padezcan enfermedades cr\u00f3nicas de base, deben seguir en contacto con los m\u00e9dicos, para evitar complicaciones<strong>(VW)<\/strong>.<\/p>\n","protected":false},"excerpt":{"rendered":"<p>Los datos oficiales indican que ya se contabilizan m\u00e1s de 232.800 casos. hasta el momento se produjeron161 muertes por la enfermedad.<\/p>\n","protected":false},"author":3,"featured_media":10128,"comment_status":"closed","ping_status":"closed","sticky":false,"template":"","format":"standard","meta":{"_monsterinsights_skip_tracking":false,"_monsterinsights_sitenote_active":false,"_monsterinsights_sitenote_note":"","_monsterinsights_sitenote_category":0,"footnotes":""},"categories":[3,8],"tags":[36,103,317,5917],"class_list":["post-14154","post","type-post","status-publish","format-standard","has-post-thumbnail","hentry","category-actualidad","category-interes-general","tag-casos","tag-controles","tag-dengue","tag-muertos"],"_links":{"self":[{"href":"https:\/\/www.visionweb.com.ar\/index.php?rest_route=\/wp\/v2\/posts\/14154","targetHints":{"allow":["GET"]}}],"collection":[{"href":"https:\/\/www.visionweb.com.ar\/index.php?rest_route=\/wp\/v2\/posts"}],"about":[{"href":"https:\/\/www.visionweb.com.ar\/index.php?rest_route=\/wp\/v2\/types\/post"}],"author":[{"embeddable":true,"href":"https:\/\/www.visionweb.com.ar\/index.php?rest_route=\/wp\/v2\/users\/3"}],"replies":[{"embeddable":true,"href":"https:\/\/www.visionweb.com.ar\/index.php?rest_route=%2Fwp%2Fv2%2Fcomments&post=14154"}],"version-history":[{"count":1,"href":"https:\/\/www.visionweb.com.ar\/index.php?rest_route=\/wp\/v2\/posts\/14154\/revisions"}],"predecessor-version":[{"id":14155,"href":"https:\/\/www.visionweb.com.ar\/index.php?rest_route=\/wp\/v2\/posts\/14154\/revisions\/14155"}],"wp:featuredmedia":[{"embeddable":true,"href":"https:\/\/www.visionweb.com.ar\/index.php?rest_route=\/wp\/v2\/media\/10128"}],"wp:attachment":[{"href":"https:\/\/www.visionweb.com.ar\/index.php?rest_route=%2Fwp%2Fv2%2Fmedia&parent=14154"}],"wp:term":[{"taxonomy":"category","embeddable":true,"href":"https:\/\/www.visionweb.com.ar\/index.php?rest_route=%2Fwp%2Fv2%2Fcategories&post=14154"},{"taxonomy":"post_tag","embeddable":true,"href":"https:\/\/www.visionweb.com.ar\/index.php?rest_route=%2Fwp%2Fv2%2Ftags&post=14154"}],"curies":[{"name":"wp","href":"https:\/\/api.w.org\/{rel}","templated":true}]}}