{"id":14152,"date":"2024-04-08T09:20:02","date_gmt":"2024-04-08T12:20:02","guid":{"rendered":"https:\/\/www.visionweb.com.ar\/?p=14152"},"modified":"2024-04-08T09:20:02","modified_gmt":"2024-04-08T12:20:02","slug":"las-ventas-minoristas-pyme-caen-126-anual-en-marzo","status":"publish","type":"post","link":"https:\/\/www.visionweb.com.ar\/?p=14152","title":{"rendered":"Las ventas minoristas pyme caen 12,6% anual en marzo"},"content":{"rendered":"<p><em><strong>En marzo, seis de los siete rubros registraron ca\u00eddas interanuales en sus ventas. La mayor retracci\u00f3n anual se detect\u00f3 en Perfumer\u00edas (-27,5%) y el \u00fanico incremento estuvo en Textil e indumentaria (+10,2%).<\/strong><\/em><!--more--><\/p>\n<div id=\"attachment_13039\" style=\"width: 310px\" class=\"wp-caption alignright\"><img loading=\"lazy\" decoding=\"async\" aria-describedby=\"caption-attachment-13039\" class=\"wp-image-13039 size-medium\" src=\"https:\/\/www.visionweb.com.ar\/wp-content\/uploads\/2023\/12\/lomas-comercios-300x170.png\" alt=\"\" width=\"300\" height=\"170\" srcset=\"https:\/\/www.visionweb.com.ar\/wp-content\/uploads\/2023\/12\/lomas-comercios-300x170.png 300w, https:\/\/www.visionweb.com.ar\/wp-content\/uploads\/2023\/12\/lomas-comercios.png 441w\" sizes=\"auto, (max-width: 300px) 100vw, 300px\" \/><p id=\"caption-attachment-13039\" class=\"wp-caption-text\"><em><strong>El \u00fanico rubro que mostr\u00f3 reactivaci\u00f3n es el textil. (Archivo<\/strong><\/em>)<\/p><\/div>\n<p>Las ventas minoristas pymes siguen en retracci\u00f3n. En marzo, bajaron 12,6% anual frente al mismo mes del a\u00f1o pasado, a precios constantes, y acumulan una ca\u00edda de 22,1% en el primer trimestre del a\u00f1o. En la comparaci\u00f3n mensual, disminuyeron 3,2%.<\/p>\n<p>Los comercios est\u00e1n atravesando meses delicados, con pocas ventas y subas de costos. Especialmente en marzo fue notorio el incremento de precios en los servicios p\u00fablicos. Aquellos locales m\u00e1s intensivos en el uso de energ\u00eda, por ejemplo, como alimentos y bebidas, vieron saltar las cifras en sus boletas de luz.<\/p>\n<p>A su vez, las familias vienen cuidando fuertemente sus gastos incluso cuando hay opciones de pagos con tarjetas o en cuotas. Hay incertidumbre sobre cu\u00e1nto durar\u00e1 la recesi\u00f3n y por eso prevalece la precauci\u00f3n al momento de comprar.<\/p>\n<p>En el an\u00e1lisis por rubro, seis de los siete sectores evaluados tuvieron disminuciones en comparaci\u00f3n con el mismo per\u00edodo del a\u00f1o anterior. Solo el sector de textiles e indumentaria, con liquidaciones muy agresivas, escap\u00f3 a la tendencia general.<\/p>\n<p>As\u00ed surge del \u00cdndice de Ventas Minoristas Pymes de la Confederaci\u00f3n Argentina de la en Mediana Empresa (CAME), elaborado en base a un relevamiento mensual entre 1.350 comercios minoristas del pa\u00eds, realizado del 3 y 5 de abril<strong>(VW)<\/strong>.<\/p>\n","protected":false},"excerpt":{"rendered":"<p>En marzo, seis de los siete rubros registraron ca\u00eddas interanuales en sus ventas. La mayor retracci\u00f3n anual se detect\u00f3 en Perfumer\u00edas (-27,5%) y el \u00fanico incremento estuvo en Textil e indumentaria (+10,2%).<\/p>\n","protected":false},"author":3,"featured_media":13039,"comment_status":"closed","ping_status":"closed","sticky":false,"template":"","format":"standard","meta":{"_monsterinsights_skip_tracking":false,"_monsterinsights_sitenote_active":false,"_monsterinsights_sitenote_note":"","_monsterinsights_sitenote_category":0,"footnotes":""},"categories":[6,8],"tags":[3551,3917,1455,758],"class_list":["post-14152","post","type-post","status-publish","format-standard","has-post-thumbnail","hentry","category-economia","category-interes-general","tag-caida","tag-minoristas","tag-textiles","tag-ventas"],"_links":{"self":[{"href":"https:\/\/www.visionweb.com.ar\/index.php?rest_route=\/wp\/v2\/posts\/14152","targetHints":{"allow":["GET"]}}],"collection":[{"href":"https:\/\/www.visionweb.com.ar\/index.php?rest_route=\/wp\/v2\/posts"}],"about":[{"href":"https:\/\/www.visionweb.com.ar\/index.php?rest_route=\/wp\/v2\/types\/post"}],"author":[{"embeddable":true,"href":"https:\/\/www.visionweb.com.ar\/index.php?rest_route=\/wp\/v2\/users\/3"}],"replies":[{"embeddable":true,"href":"https:\/\/www.visionweb.com.ar\/index.php?rest_route=%2Fwp%2Fv2%2Fcomments&post=14152"}],"version-history":[{"count":1,"href":"https:\/\/www.visionweb.com.ar\/index.php?rest_route=\/wp\/v2\/posts\/14152\/revisions"}],"predecessor-version":[{"id":14153,"href":"https:\/\/www.visionweb.com.ar\/index.php?rest_route=\/wp\/v2\/posts\/14152\/revisions\/14153"}],"wp:featuredmedia":[{"embeddable":true,"href":"https:\/\/www.visionweb.com.ar\/index.php?rest_route=\/wp\/v2\/media\/13039"}],"wp:attachment":[{"href":"https:\/\/www.visionweb.com.ar\/index.php?rest_route=%2Fwp%2Fv2%2Fmedia&parent=14152"}],"wp:term":[{"taxonomy":"category","embeddable":true,"href":"https:\/\/www.visionweb.com.ar\/index.php?rest_route=%2Fwp%2Fv2%2Fcategories&post=14152"},{"taxonomy":"post_tag","embeddable":true,"href":"https:\/\/www.visionweb.com.ar\/index.php?rest_route=%2Fwp%2Fv2%2Ftags&post=14152"}],"curies":[{"name":"wp","href":"https:\/\/api.w.org\/{rel}","templated":true}]}}