{"id":14144,"date":"2024-04-05T14:48:10","date_gmt":"2024-04-05T17:48:10","guid":{"rendered":"https:\/\/www.visionweb.com.ar\/?p=14144"},"modified":"2024-06-04T14:51:21","modified_gmt":"2024-06-04T17:51:21","slug":"el-concejo-deliberante-de-lanus-homenajeo-a-los-heroes-del-malvinas","status":"publish","type":"post","link":"https:\/\/www.visionweb.com.ar\/?p=14144","title":{"rendered":"El Concejo Deliberante de Lan\u00fas homenaje\u00f3 a los H\u00e9roes del Malvinas"},"content":{"rendered":"<p><em><strong>Fue en la sesi\u00f3n ordinaria de este jueves. se descubri\u00f3. el reciento de deliberaciones se bautiz\u00f3 como \u00abIslas Malvinas Argentinas.<\/strong><\/em>\u00a0 <!--more--><\/p>\n<p><img loading=\"lazy\" decoding=\"async\" class=\"size-medium wp-image-14146 alignleft\" src=\"https:\/\/www.visionweb.com.ar\/wp-content\/uploads\/2024\/04\/CD-LANUS-300x200.png\" alt=\"\" width=\"300\" height=\"200\" srcset=\"https:\/\/www.visionweb.com.ar\/wp-content\/uploads\/2024\/04\/CD-LANUS-300x200.png 300w, https:\/\/www.visionweb.com.ar\/wp-content\/uploads\/2024\/04\/CD-LANUS.png 640w\" sizes=\"auto, (max-width: 300px) 100vw, 300px\" \/>En le marco de los 42 a\u00f1os de la ocupaci\u00f3n de las Islas Malvinas, se concret\u00f3 la tercera sesi\u00f3n ordinaria del Concejo Deliberante de Lan\u00fas que incluy\u00f3 en la agenda de actividades la imposici\u00f3n del nombre\u00bbIslas Malvinas Argentinas\u00bb, al recinto de sesiones.<\/p>\n<p>En el acto del que participaron, adem\u00e1s del presidente Agustin Balladares, los ediles de todos los bloques y un grupo de Ex Combatientes \u00b4con residencia en Lan\u00fas. Asimismo se descubri\u00f3 una carteler\u00eda alusiva a la nueva denominaci\u00f3n del recinto.<\/p>\n<p>\u00abHoy es un d\u00eda hist\u00f3rico para nuestra ciudad. El recinto del concejo deliberante lleva el nombre islas Malvinas Argentinas. Es el recinto donde se discuten las ideas desde las diferentes posturas para construir un mejor Lan\u00fas. Queremos que esa unidad que desparrama la causa Malvinas sobre el pueblo argentino, tambi\u00e9n se impregne en el compromiso de los que somos parte de esta casa para trabajar por nuestra ciudad\u00bb, expres\u00f3 Balladares.<\/p>\n<p>Por su parte, el presidente del Centro de Veteranos de Lan\u00fas, Alfredo Avalos, asegur\u00f3 que la causa Malvinas\u00a0\u00abes de todo el pueblo, no nos afecta que haya banderas pol\u00edticas\u201d<\/p>\n<p>Luego de augurar una buena gesti\u00f3n al intendente Juli\u00e1n Alvarez, Avalos record\u00f3 que trabajan con pol\u00edtica en la lucha de los Veteranos y remarc\u00f3 que tienen 5 mil auxiliares en la direcci\u00f3n de escuelas y lograron la gerencia de PAMI a nivel nacional.<\/p>\n<p>Por otra parte, en otro tramo de la Sesi\u00f3n, se aprob\u00f3 un Ordenanza que autoriza el pago de un reconocimiento a los agentes municipales por diferentes deudas pendientes de conbro.<\/p>\n<p>Asimismo, el cuerpo deliberativo \u00a0aprob\u00f3 un pedido de informe al ejecutivo por cumplimiento de ordenanza de mausoleo a v\u00edctimas de accidentes de tr\u00e1nsito(VW).<\/p>\n<p>&nbsp;<\/p>\n","protected":false},"excerpt":{"rendered":"<p>Fue en la sesi\u00f3n ordinaria de este jueves. se descubri\u00f3. el reciento de deliberaciones se bautiz\u00f3 como \u00abIslas Malvinas Argentinas.\u00a0<\/p>\n","protected":false},"author":3,"featured_media":14149,"comment_status":"closed","ping_status":"closed","sticky":false,"template":"","format":"standard","meta":{"_monsterinsights_skip_tracking":false,"_monsterinsights_sitenote_active":false,"_monsterinsights_sitenote_note":"","_monsterinsights_sitenote_category":0,"footnotes":""},"categories":[4],"tags":[1862,19,2015,5916],"class_list":["post-14144","post","type-post","status-publish","format-standard","has-post-thumbnail","hentry","category-politica","tag-concejo-deliberante","tag-lanus","tag-malvinas","tag-recinto"],"_links":{"self":[{"href":"https:\/\/www.visionweb.com.ar\/index.php?rest_route=\/wp\/v2\/posts\/14144","targetHints":{"allow":["GET"]}}],"collection":[{"href":"https:\/\/www.visionweb.com.ar\/index.php?rest_route=\/wp\/v2\/posts"}],"about":[{"href":"https:\/\/www.visionweb.com.ar\/index.php?rest_route=\/wp\/v2\/types\/post"}],"author":[{"embeddable":true,"href":"https:\/\/www.visionweb.com.ar\/index.php?rest_route=\/wp\/v2\/users\/3"}],"replies":[{"embeddable":true,"href":"https:\/\/www.visionweb.com.ar\/index.php?rest_route=%2Fwp%2Fv2%2Fcomments&post=14144"}],"version-history":[{"count":4,"href":"https:\/\/www.visionweb.com.ar\/index.php?rest_route=\/wp\/v2\/posts\/14144\/revisions"}],"predecessor-version":[{"id":14151,"href":"https:\/\/www.visionweb.com.ar\/index.php?rest_route=\/wp\/v2\/posts\/14144\/revisions\/14151"}],"wp:featuredmedia":[{"embeddable":true,"href":"https:\/\/www.visionweb.com.ar\/index.php?rest_route=\/wp\/v2\/media\/14149"}],"wp:attachment":[{"href":"https:\/\/www.visionweb.com.ar\/index.php?rest_route=%2Fwp%2Fv2%2Fmedia&parent=14144"}],"wp:term":[{"taxonomy":"category","embeddable":true,"href":"https:\/\/www.visionweb.com.ar\/index.php?rest_route=%2Fwp%2Fv2%2Fcategories&post=14144"},{"taxonomy":"post_tag","embeddable":true,"href":"https:\/\/www.visionweb.com.ar\/index.php?rest_route=%2Fwp%2Fv2%2Ftags&post=14144"}],"curies":[{"name":"wp","href":"https:\/\/api.w.org\/{rel}","templated":true}]}}