{"id":14142,"date":"2024-04-05T09:17:32","date_gmt":"2024-04-05T12:17:32","guid":{"rendered":"https:\/\/www.visionweb.com.ar\/?p=14142"},"modified":"2024-04-05T09:17:32","modified_gmt":"2024-04-05T12:17:32","slug":"transporte-publico-la-uta-se-declara-en-estado-de-alerta-y-prepara-un-paro-para-el-lunes","status":"publish","type":"post","link":"https:\/\/www.visionweb.com.ar\/?p=14142","title":{"rendered":"Transporte p\u00fablico: La UTA se declara en estado de alerta y prepara un paro para el lunes"},"content":{"rendered":"<p><em><strong>La UTA advirti\u00f3 que, si las empresas no cumplen lo acordado, llevar\u00e1 adelante un paro de transporte el pr\u00f3ximo lunes.<\/strong><\/em><!--more--><\/p>\n<p><img loading=\"lazy\" decoding=\"async\" class=\"size-medium wp-image-9729 alignright\" src=\"https:\/\/www.visionweb.com.ar\/wp-content\/uploads\/2023\/02\/COLECTIVOS-300x162.png\" alt=\"\" width=\"300\" height=\"162\" srcset=\"https:\/\/www.visionweb.com.ar\/wp-content\/uploads\/2023\/02\/COLECTIVOS-300x162.png 300w, https:\/\/www.visionweb.com.ar\/wp-content\/uploads\/2023\/02\/COLECTIVOS.png 640w\" sizes=\"auto, (max-width: 300px) 100vw, 300px\" \/>\u00a0\u00a0 <strong>L<\/strong>a\u00a0<strong>Uni\u00f3n Tranviarios Automotor<\/strong>\u00a0(<strong>UTA<\/strong>), que lidera\u00a0<strong>Roberto Fern\u00e1ndez<\/strong>, se declar\u00f3 en estado de alerta y advirti\u00f3 que podr\u00eda convocar a un\u00a0<strong>paro de transporte<\/strong>\u00a0para el pr\u00f3ximo lunes 8 de abril en el\u00a0<strong>\u00c1rea Metropolitana de Buenos Aires<\/strong>\u00a0(<strong>AMBA<\/strong>), por el incumplimiento de pagos por parte de las c\u00e1maras empresariales, que responsabilizan al\u00a0<strong>Gobierno<\/strong>, que encabeza el presidente de la Naci\u00f3n,\u00a0<strong>Javier Milei<\/strong>.<\/p>\n<p>De esta manera, el gremio de choferes de colectivos se\u00f1al\u00f3 ayer que, los representantes de las c\u00e1maras empresariales manifestaron que no cuentan con fondos suficientes para cumplir con lo acordado entre las partes, al declarar que se trata de las consecuencias de las decisiones t\u00e9cnicas de la\u00a0<strong>Secretar\u00eda de Transporte<\/strong>, dependencia del Gabinete de\u00a0<strong>Milei<\/strong>.<\/p>\n<p>En ese sentido, la\u00a0<strong>UTA\u00a0<\/strong>se declar\u00f3 en estado de alerta y advirti\u00f3 a la poblaci\u00f3n que, \u201cde verificarse dicho incumplimiento, a partir del pr\u00f3ximo lunes 8 del corriente, se ver\u00e1 afectada la normal prestaci\u00f3n del servicio p\u00fablico en el \u00e1rea del\u00a0<strong>AMBA<\/strong>\u201d debido a que convocar\u00e1n a un nuevo\u00a0<strong>paro de transporte<\/strong>.<\/p>\n<p>Es preciso recordar que, semanas atr\u00e1s, los choferes de colectivos convocaron a un\u00a0<strong>paro de transporte<\/strong>\u00a0debido a que las c\u00e1maras empresariales de transporte no cumplieron el esquema de pagos de salarios en los meses de enero y febrero, en medio de la escalada inflacionaria producida por la devaluaci\u00f3n de la moneda nacional.<\/p>\n<p>En ese marco, las empresas se defendieron con el argumento de que las deudas son del Gobierno nacional, sin embargo, desde la\u00a0<strong>Secretar\u00eda de Transporte<\/strong>\u00a0se desentendieron y apuntaron que \u201c<strong>el esquema de pagos era el que ya estaba establecido por pauta nacional<\/strong>\u201d por lo que \u201c<strong>ese monto total no es la deuda de Naci\u00f3n<\/strong>\u201d, sino de la\u00a0<strong>provincia de Buenos Aires<\/strong>.<\/p>\n<p>De esa forma, el 14 de marzo, el secretario de Transporte de la Naci\u00f3n,\u00a0<strong>Franco Mogetta<\/strong>, se reuni\u00f3 con las c\u00e1maras empresariales y les asegur\u00f3 que saldar\u00eda la deuda, con el objetivo de ponerle fin a las amenazas de\u00a0<strong>paro de transporte<\/strong>\u00a0y cerrar el conflicto, aunque les record\u00f3 que la \u201cobligaci\u00f3n salarial\u201d la tiene \u201cel empresario con sus trabajadores\u201d.<\/p>\n<p>Al salir de dicho encuentro, el vicepresidente de la\u00a0<strong>Asociaci\u00f3n Argentina de Empresas de Transporte Automotor<\/strong>\u00a0(<strong>AAETA<\/strong>),\u00a0<strong>Luciano Fusaro<\/strong>, se\u00f1al\u00f3 que el Gobierno \u201c<strong>asegur\u00f3 que va a hacer todo lo posible por depositar una parte de los $50.278 millones adeudados, <\/strong>pero no nos qued\u00f3 claro si van a llegar a hacerlo, no qued\u00f3 seguro\u201d. <strong>(VW)<\/strong><\/p>\n<p>&nbsp;<\/p>\n","protected":false},"excerpt":{"rendered":"<p>La UTA advirti\u00f3 que, si las empresas no cumplen lo acordado, llevar\u00e1 adelante un paro de transporte el pr\u00f3ximo lunes.<\/p>\n","protected":false},"author":4,"featured_media":9729,"comment_status":"closed","ping_status":"closed","sticky":false,"template":"","format":"standard","meta":{"_monsterinsights_skip_tracking":false,"_monsterinsights_sitenote_active":false,"_monsterinsights_sitenote_note":"","_monsterinsights_sitenote_category":0,"footnotes":""},"categories":[6,4,5],"tags":[5915,2697],"class_list":["post-14142","post","type-post","status-publish","format-standard","has-post-thumbnail","hentry","category-economia","category-politica","category-sociedad","tag-paro-transporte-lunes-8-abril","tag-uta"],"_links":{"self":[{"href":"https:\/\/www.visionweb.com.ar\/index.php?rest_route=\/wp\/v2\/posts\/14142","targetHints":{"allow":["GET"]}}],"collection":[{"href":"https:\/\/www.visionweb.com.ar\/index.php?rest_route=\/wp\/v2\/posts"}],"about":[{"href":"https:\/\/www.visionweb.com.ar\/index.php?rest_route=\/wp\/v2\/types\/post"}],"author":[{"embeddable":true,"href":"https:\/\/www.visionweb.com.ar\/index.php?rest_route=\/wp\/v2\/users\/4"}],"replies":[{"embeddable":true,"href":"https:\/\/www.visionweb.com.ar\/index.php?rest_route=%2Fwp%2Fv2%2Fcomments&post=14142"}],"version-history":[{"count":1,"href":"https:\/\/www.visionweb.com.ar\/index.php?rest_route=\/wp\/v2\/posts\/14142\/revisions"}],"predecessor-version":[{"id":14143,"href":"https:\/\/www.visionweb.com.ar\/index.php?rest_route=\/wp\/v2\/posts\/14142\/revisions\/14143"}],"wp:featuredmedia":[{"embeddable":true,"href":"https:\/\/www.visionweb.com.ar\/index.php?rest_route=\/wp\/v2\/media\/9729"}],"wp:attachment":[{"href":"https:\/\/www.visionweb.com.ar\/index.php?rest_route=%2Fwp%2Fv2%2Fmedia&parent=14142"}],"wp:term":[{"taxonomy":"category","embeddable":true,"href":"https:\/\/www.visionweb.com.ar\/index.php?rest_route=%2Fwp%2Fv2%2Fcategories&post=14142"},{"taxonomy":"post_tag","embeddable":true,"href":"https:\/\/www.visionweb.com.ar\/index.php?rest_route=%2Fwp%2Fv2%2Ftags&post=14142"}],"curies":[{"name":"wp","href":"https:\/\/api.w.org\/{rel}","templated":true}]}}