{"id":14140,"date":"2024-04-05T09:05:06","date_gmt":"2024-04-05T12:05:06","guid":{"rendered":"https:\/\/www.visionweb.com.ar\/?p=14140"},"modified":"2024-04-05T09:05:06","modified_gmt":"2024-04-05T12:05:06","slug":"estatales-arrancan-un-nuevo-de-paro-activo-nacional-y-movilizacion-en-todo-el-pais","status":"publish","type":"post","link":"https:\/\/www.visionweb.com.ar\/?p=14140","title":{"rendered":"Estatales arrancan un nuevo de paro activo nacional y movilizaci\u00f3n en todo el pa\u00eds"},"content":{"rendered":"<p><em><strong>Hoy rige desde el mediod\u00eda un paro nacional de los trabajadores estatales nucleados en ATE. <\/strong><\/em><!--more--><\/p>\n<p><strong><img loading=\"lazy\" decoding=\"async\" class=\"size-medium wp-image-13653 alignright\" src=\"https:\/\/www.visionweb.com.ar\/wp-content\/uploads\/2024\/02\/Paro-de-ATE-300x152.png\" alt=\"\" width=\"300\" height=\"152\" srcset=\"https:\/\/www.visionweb.com.ar\/wp-content\/uploads\/2024\/02\/Paro-de-ATE-300x152.png 300w, https:\/\/www.visionweb.com.ar\/wp-content\/uploads\/2024\/02\/Paro-de-ATE.png 575w\" sizes=\"auto, (max-width: 300px) 100vw, 300px\" \/>\u00a0E<\/strong>n reclamo por los casi 15.000\u00a0despidos\u00a0en la Administraci\u00f3n P\u00fablica nacional,<strong> los\u00a0estatales nacionales\u00a0nucleados en la\u00a0Asociaci\u00f3n Trabajadores del Estado\u00a0(ATE) llevan a cabo este viernes un nuevo\u00a0paro nacional\u00a0con movilizaci\u00f3n al\u00a0Ministerio de Econom\u00eda.<\/strong><\/p>\n<p><strong>Tambi\u00e9n reclaman la necesidad de que la CGT llame a un paro general.<\/strong><\/p>\n<p>La medida fue anunciada el mi\u00e9rcoles de esta semana tras la realizaci\u00f3n de un plenario federal de delegados.<strong> \u201cEn un multitudinario Plenario que cont\u00f3 con la presencia de 1.500 delegados y delegadas de todo el pa\u00eds, se vot\u00f3 en unanimidad la\u00a0profundizaci\u00f3n del plan de lucha de las y los estatales en la Argentina con un Paro General Activo de todo el Estado Nacional\u201d, <\/strong>afirm\u00f3 el secretario general de\u00a0ATE,\u00a0Rodolfo Aguiar.<\/p>\n<p>\u201c<strong>Tenemos que darnos cuenta que lo de los \u00f1oquis es una excusa y el Gobierno decidi\u00f3 tercerizar el ajuste. Ahora con el nuevo secretario de Trabajo la motosierra la tiene Techint<\/strong>\u201d, apunt\u00f3\u00a0<strong>Rodolfo Aguiar<\/strong>.<\/p>\n<p>La CGT tambi\u00e9n prev\u00e9 protestas: \u00ab<strong>Una de las movilizaciones ser\u00e1 el 1\u00b0 de mayo pero previamente habr\u00e1 actividades que se confirmar\u00e1n el d\u00eda 11 de abril en la reuni\u00f3n de consejo directivo<\/strong>\u00ab, anticip\u00f3 Daer.<\/p>\n<p>Por otra parte, anunci\u00f3 que la semana que viene habr\u00e1 una reuni\u00f3n clave con representantes del Senado y posteriormente una cumbre donde\u00a0<strong>analizar\u00e1n y definir\u00e1n las medidas a seguir<\/strong>.<\/p>\n<p><strong>Tensi\u00f3n por los despidos<\/strong><\/p>\n<p>A la vez,\u00a0<strong>Rodolfo Aguiar\u00a0<\/strong>public\u00f3 en su cuenta de X que \u00abest\u00e1n llenando de polic\u00edas las dependencias p\u00fablicas. No hay plata para comprar comida, no hay plata para comprar remedios, pero si hay plata para reprimir\u00bb, dijo con referencia a despidos en el Conicet, Inadi y Anses.<\/p>\n<p>\u00abPusieron de secretario de trabajo a un gerente de recursos humanos de uno de los grupos econ\u00f3micos m\u00e1s poderosos. El gobierno de Milei decidi\u00f3 tercerizar el ajuste. Ahora la motosierra la tiene\u00a0<strong>Techint<\/strong>. Pero les vamos a dar pelea y se la vamos a sacar\u00bb, concluy\u00f3. <strong>(VW)<\/strong><\/p>\n<p>&nbsp;<\/p>\n","protected":false},"excerpt":{"rendered":"<p>Hoy rige desde el mediod\u00eda un paro nacional de los trabajadores estatales nucleados en ATE.<\/p>\n","protected":false},"author":4,"featured_media":13653,"comment_status":"closed","ping_status":"closed","sticky":false,"template":"","format":"standard","meta":{"_monsterinsights_skip_tracking":false,"_monsterinsights_sitenote_active":false,"_monsterinsights_sitenote_note":"","_monsterinsights_sitenote_category":0,"footnotes":""},"categories":[6,4],"tags":[2719,5281,5914],"class_list":["post-14140","post","type-post","status-publish","format-standard","has-post-thumbnail","hentry","category-economia","category-politica","tag-ate","tag-despidos","tag-paro-y-movilizacio"],"_links":{"self":[{"href":"https:\/\/www.visionweb.com.ar\/index.php?rest_route=\/wp\/v2\/posts\/14140","targetHints":{"allow":["GET"]}}],"collection":[{"href":"https:\/\/www.visionweb.com.ar\/index.php?rest_route=\/wp\/v2\/posts"}],"about":[{"href":"https:\/\/www.visionweb.com.ar\/index.php?rest_route=\/wp\/v2\/types\/post"}],"author":[{"embeddable":true,"href":"https:\/\/www.visionweb.com.ar\/index.php?rest_route=\/wp\/v2\/users\/4"}],"replies":[{"embeddable":true,"href":"https:\/\/www.visionweb.com.ar\/index.php?rest_route=%2Fwp%2Fv2%2Fcomments&post=14140"}],"version-history":[{"count":1,"href":"https:\/\/www.visionweb.com.ar\/index.php?rest_route=\/wp\/v2\/posts\/14140\/revisions"}],"predecessor-version":[{"id":14141,"href":"https:\/\/www.visionweb.com.ar\/index.php?rest_route=\/wp\/v2\/posts\/14140\/revisions\/14141"}],"wp:featuredmedia":[{"embeddable":true,"href":"https:\/\/www.visionweb.com.ar\/index.php?rest_route=\/wp\/v2\/media\/13653"}],"wp:attachment":[{"href":"https:\/\/www.visionweb.com.ar\/index.php?rest_route=%2Fwp%2Fv2%2Fmedia&parent=14140"}],"wp:term":[{"taxonomy":"category","embeddable":true,"href":"https:\/\/www.visionweb.com.ar\/index.php?rest_route=%2Fwp%2Fv2%2Fcategories&post=14140"},{"taxonomy":"post_tag","embeddable":true,"href":"https:\/\/www.visionweb.com.ar\/index.php?rest_route=%2Fwp%2Fv2%2Ftags&post=14140"}],"curies":[{"name":"wp","href":"https:\/\/api.w.org\/{rel}","templated":true}]}}