{"id":14129,"date":"2024-04-04T09:17:18","date_gmt":"2024-04-04T12:17:18","guid":{"rendered":"https:\/\/www.visionweb.com.ar\/?p=14129"},"modified":"2024-04-04T09:17:18","modified_gmt":"2024-04-04T12:17:18","slug":"se-lleva-a-cabo-hoy-el-segundo-paro-docente-convocado-por-la-ctera","status":"publish","type":"post","link":"https:\/\/www.visionweb.com.ar\/?p=14129","title":{"rendered":"Se lleva a cabo hoy el segundo paro docente convocado por la CTERA"},"content":{"rendered":"<p><em><strong>Afecta las escuelas bonaerenses, en reclamo del Fonid y paritaria nacional.<\/strong><\/em><!--more--><\/p>\n<p><strong><img loading=\"lazy\" decoding=\"async\" class=\"size-full wp-image-1452 alignright\" src=\"https:\/\/www.visionweb.com.ar\/wp-content\/uploads\/2021\/04\/aulas-vacias-1.bmp\" alt=\"\" width=\"496\" height=\"250\" \/>\u00a0\u00a0 L<\/strong>a <strong>Confederaci\u00f3n de Trabajadores de la Educaci\u00f3n de la Rep\u00fablica Argentina\u00a0(Ctera) realiza hoy el segundo paro nacional docente del ciclo lectivo, <\/strong>que afecta a la actividad escolar de la\u00a0provincia de Buenos Aires.<\/p>\n<p>\u201cParan los y las docentes del pa\u00eds el 4 de abril, fecha que tiene relevancia emocional porque es el d\u00eda que asesinaron a nuestro compa\u00f1ero Carlos Fuentealba en Neuqu\u00e9n\u201d, anunciaba Sonia Alesso.<\/p>\n<p>El reclamo es por la restituci\u00f3n del Fonid y tambi\u00e9n por la paritaria nacional docente. \u201cPor primera vez, cerraron la paritaria primero las provincias\u201d, se\u00f1al\u00f3 Alesso, quien alert\u00f3 que \u201cno hay piso\u201d.<\/p>\n<p><strong>Suteba y la FEB, gremios bonaerenses, se suman a la medida de fuerza.<\/strong>\u00a0Tambi\u00e9n\u00a0<strong>adhieren la Federaci\u00f3n Nacional de Docentes Universitarios (Conadu) y Feduba<\/strong>, en contra el gobierno del presidente Javier Milei.<\/p>\n<p><strong>El paro afecta a las 24 jurisdicciones y se ver\u00e1 acompa\u00f1ada por movilizaciones en distintos puntos del pa\u00eds pare reclamar la restituci\u00f3n del Fondo de Incentivo Docente, la reapertura de la paritaria nacional y el rechazo a los despidos en la administraci\u00f3n p\u00fablica nacional.<\/strong><\/p>\n<p><strong>El\u00a0Gobierno, en tanto, advirti\u00f3 que descontar\u00e1 el d\u00eda\u00a0a los maestros que adhieran a la medida de fuerza.<\/strong><\/p>\n<p>\u201cSiempre que alguien pare en algo que deber\u00eda funcionar, se descontar\u00e1 el d\u00eda o se tendr\u00e1 la consecuencia que la ley permita\u201d, dijo en ese sentido el portavoz presidencial, Manuel Adorni. <strong>(VW)<\/strong><\/p>\n","protected":false},"excerpt":{"rendered":"<p>Afecta las escuelas bonaerenses, en reclamo del Fonid y paritaria nacional.<\/p>\n","protected":false},"author":4,"featured_media":1452,"comment_status":"closed","ping_status":"closed","sticky":false,"template":"","format":"standard","meta":{"_monsterinsights_skip_tracking":false,"_monsterinsights_sitenote_active":false,"_monsterinsights_sitenote_note":"","_monsterinsights_sitenote_category":0,"footnotes":""},"categories":[6,4,5],"tags":[5693,5671,158,5909],"class_list":["post-14129","post","type-post","status-publish","format-standard","has-post-thumbnail","hentry","category-economia","category-politica","category-sociedad","tag-cetera","tag-fonid","tag-paritarias","tag-paro-docentes"],"_links":{"self":[{"href":"https:\/\/www.visionweb.com.ar\/index.php?rest_route=\/wp\/v2\/posts\/14129","targetHints":{"allow":["GET"]}}],"collection":[{"href":"https:\/\/www.visionweb.com.ar\/index.php?rest_route=\/wp\/v2\/posts"}],"about":[{"href":"https:\/\/www.visionweb.com.ar\/index.php?rest_route=\/wp\/v2\/types\/post"}],"author":[{"embeddable":true,"href":"https:\/\/www.visionweb.com.ar\/index.php?rest_route=\/wp\/v2\/users\/4"}],"replies":[{"embeddable":true,"href":"https:\/\/www.visionweb.com.ar\/index.php?rest_route=%2Fwp%2Fv2%2Fcomments&post=14129"}],"version-history":[{"count":1,"href":"https:\/\/www.visionweb.com.ar\/index.php?rest_route=\/wp\/v2\/posts\/14129\/revisions"}],"predecessor-version":[{"id":14130,"href":"https:\/\/www.visionweb.com.ar\/index.php?rest_route=\/wp\/v2\/posts\/14129\/revisions\/14130"}],"wp:featuredmedia":[{"embeddable":true,"href":"https:\/\/www.visionweb.com.ar\/index.php?rest_route=\/wp\/v2\/media\/1452"}],"wp:attachment":[{"href":"https:\/\/www.visionweb.com.ar\/index.php?rest_route=%2Fwp%2Fv2%2Fmedia&parent=14129"}],"wp:term":[{"taxonomy":"category","embeddable":true,"href":"https:\/\/www.visionweb.com.ar\/index.php?rest_route=%2Fwp%2Fv2%2Fcategories&post=14129"},{"taxonomy":"post_tag","embeddable":true,"href":"https:\/\/www.visionweb.com.ar\/index.php?rest_route=%2Fwp%2Fv2%2Ftags&post=14129"}],"curies":[{"name":"wp","href":"https:\/\/api.w.org\/{rel}","templated":true}]}}