{"id":14123,"date":"2024-04-04T08:19:25","date_gmt":"2024-04-04T11:19:25","guid":{"rendered":"https:\/\/www.visionweb.com.ar\/?p=14123"},"modified":"2024-04-04T08:32:38","modified_gmt":"2024-04-04T11:32:38","slug":"por-semana-santa-viajaron-mas-de-3-millones-de-turistas-por-todo-el-pais","status":"publish","type":"post","link":"https:\/\/www.visionweb.com.ar\/?p=14123","title":{"rendered":"En Semana Santa viajaron m\u00e1s de 3 millones de turistas por todo el pa\u00eds"},"content":{"rendered":"<p><em><strong>Gastaron m\u00e1s de\u00a0$631.667 millones. Los gastos de los turistas superaron en 70% los n\u00fameros de 2023. Los destinos m\u00e1s elegidos fueron la costa atl\u00e1ntica y Tandil, entre otros.\u00a0<\/strong><\/em><!--more--><\/p>\n<div id=\"attachment_14124\" style=\"width: 310px\" class=\"wp-caption alignright\"><img loading=\"lazy\" decoding=\"async\" aria-describedby=\"caption-attachment-14124\" class=\"wp-image-14124 size-medium\" src=\"https:\/\/www.visionweb.com.ar\/wp-content\/uploads\/2024\/04\/Tandil-300x169.png\" alt=\"\" width=\"300\" height=\"169\" srcset=\"https:\/\/www.visionweb.com.ar\/wp-content\/uploads\/2024\/04\/Tandil-300x169.png 300w, https:\/\/www.visionweb.com.ar\/wp-content\/uploads\/2024\/04\/Tandil.png 640w\" sizes=\"auto, (max-width: 300px) 100vw, 300px\" \/><p id=\"caption-attachment-14124\" class=\"wp-caption-text\"><em><strong>Uno de los accesos a la ciudad serrana de Tandil (Foto: Direcci\u00f3n de Turismo municipal)<\/strong><\/em><\/p><\/div>\n<p>El feriado XXL que combin\u00f3 Semana Santa con el D\u00eda del Veterano y los Ca\u00eddos en Malvinas fue muy bueno para el sector tur\u00edstico.<\/p>\n<p>De acuerdo a los datrs publicados por la Came (Confederasci\u00f3n de la Mediana Empresa), viajaron 3,2 millones de personas en los seis d\u00edas que dur\u00f3 el fin de semana y gastaron $631.667 millones en alimentos, bebidas, alojamiento, transporte, recreaci\u00f3n y compras diversas.<\/p>\n<p>El impacto econ\u00f3mico directo, medido a precios reales, fue 70% superior al a\u00f1o pasado, con un visitante que, en promedio, gast\u00f3 $47.913 diarios, un 16,1% m\u00e1s que en 2023 (a precios reales) y tuvo una estad\u00eda media de 4,1 d\u00edas. El incremento en el desembolso est\u00e1 explicado, en gran parte, porque la medici\u00f3n es sobre un periodo que es un 50% superior a la Semana Santa 2023, que tuvo dos d\u00edas menos de feriado.<\/p>\n<p>Algunas rutas tur\u00edsticas colapsaron entre mi\u00e9rcoles y viernes, con demoras que triplicaron en tiempo al de un viaje normal. Mientras que s\u00f3lo por Aerol\u00edneas Argentinas viajaron 282 mil personas.<\/p>\n<p>Los encuentros religiosos dominaron la agenda en cada ciudad, pero fueron bien acompa\u00f1ados por festivales, competencias deportivas y ferias gastron\u00f3micas.<\/p>\n<p>En lo que va del a\u00f1o, van dos fines de semana largos, donde viajaron 5,8 millones de turistas y gastaron $984.526 millones (US$1.158 millones).<\/p>\n<p>El turista internacional sigue estando muy presente en los destinos locales, aunque tambi\u00e9n se not\u00f3 m\u00e1s el entusiasmo de argentinos por viajar a pa\u00edses vecinos, aprovechando ventajas cambiarias o beneficios temporales, especialmente a Chile y Uruguay<strong>(VW)<\/strong>.<\/p>\n","protected":false},"excerpt":{"rendered":"<p>Gastaron m\u00e1s de\u00a0$631.667 millones. Los gastos de los turistas superaron en 70% los n\u00fameros de 2023. Los destinos m\u00e1s elegidos fueron la costa atl\u00e1ntica y Tandil, entre otros.\u00a0<\/p>\n","protected":false},"author":3,"featured_media":14124,"comment_status":"closed","ping_status":"closed","sticky":false,"template":"","format":"standard","meta":{"_monsterinsights_skip_tracking":false,"_monsterinsights_sitenote_active":false,"_monsterinsights_sitenote_note":"","_monsterinsights_sitenote_category":0,"footnotes":""},"categories":[700],"tags":[5908,5314,3427,226,1409,582],"class_list":["post-14123","post","type-post","status-publish","format-standard","has-post-thumbnail","hentry","category-turismo","tag-aviones","tag-chile","tag-costa-atlantica","tag-destinos","tag-tandil","tag-uruguay"],"_links":{"self":[{"href":"https:\/\/www.visionweb.com.ar\/index.php?rest_route=\/wp\/v2\/posts\/14123","targetHints":{"allow":["GET"]}}],"collection":[{"href":"https:\/\/www.visionweb.com.ar\/index.php?rest_route=\/wp\/v2\/posts"}],"about":[{"href":"https:\/\/www.visionweb.com.ar\/index.php?rest_route=\/wp\/v2\/types\/post"}],"author":[{"embeddable":true,"href":"https:\/\/www.visionweb.com.ar\/index.php?rest_route=\/wp\/v2\/users\/3"}],"replies":[{"embeddable":true,"href":"https:\/\/www.visionweb.com.ar\/index.php?rest_route=%2Fwp%2Fv2%2Fcomments&post=14123"}],"version-history":[{"count":2,"href":"https:\/\/www.visionweb.com.ar\/index.php?rest_route=\/wp\/v2\/posts\/14123\/revisions"}],"predecessor-version":[{"id":14128,"href":"https:\/\/www.visionweb.com.ar\/index.php?rest_route=\/wp\/v2\/posts\/14123\/revisions\/14128"}],"wp:featuredmedia":[{"embeddable":true,"href":"https:\/\/www.visionweb.com.ar\/index.php?rest_route=\/wp\/v2\/media\/14124"}],"wp:attachment":[{"href":"https:\/\/www.visionweb.com.ar\/index.php?rest_route=%2Fwp%2Fv2%2Fmedia&parent=14123"}],"wp:term":[{"taxonomy":"category","embeddable":true,"href":"https:\/\/www.visionweb.com.ar\/index.php?rest_route=%2Fwp%2Fv2%2Fcategories&post=14123"},{"taxonomy":"post_tag","embeddable":true,"href":"https:\/\/www.visionweb.com.ar\/index.php?rest_route=%2Fwp%2Fv2%2Ftags&post=14123"}],"curies":[{"name":"wp","href":"https:\/\/api.w.org\/{rel}","templated":true}]}}