{"id":14118,"date":"2024-04-03T09:56:46","date_gmt":"2024-04-03T12:56:46","guid":{"rendered":"https:\/\/www.visionweb.com.ar\/?p=14118"},"modified":"2024-04-03T09:56:46","modified_gmt":"2024-04-03T12:56:46","slug":"jubilaciones-el-gobierno-modifico-la-formula-de-ajuste","status":"publish","type":"post","link":"https:\/\/www.visionweb.com.ar\/?p=14118","title":{"rendered":"Jubilaciones: El Gobierno modific\u00f3 la f\u00f3rmula de ajuste"},"content":{"rendered":"<p><em><strong>Por los cambios posteriores en la f\u00f3rmula de movilidad jubilatoria, se hizo necesario ajustar nuevamente estas ayudas.<\/strong><\/em><!--more--><\/p>\n<p><img loading=\"lazy\" decoding=\"async\" class=\"size-medium wp-image-14115 alignright\" src=\"https:\/\/www.visionweb.com.ar\/wp-content\/uploads\/2024\/04\/ANSES-ABRIL-300x169.png\" alt=\"\" width=\"300\" height=\"169\" srcset=\"https:\/\/www.visionweb.com.ar\/wp-content\/uploads\/2024\/04\/ANSES-ABRIL-300x169.png 300w, https:\/\/www.visionweb.com.ar\/wp-content\/uploads\/2024\/04\/ANSES-ABRIL.png 640w\" sizes=\"auto, (max-width: 300px) 100vw, 300px\" \/>En respuesta a los recientes cambios en la f\u00f3rmula de movilidad jubilatoria y para garantizar una transici\u00f3n suave hacia el nuevo sistema, el Gobierno anunci\u00f3 modificaciones en las ayudas econ\u00f3micas previsionales. Estas medidas tienen como objetivo asegurar la protecci\u00f3n del poder adquisitivo de los adultos mayores y ajustar las prestaciones a la realidad econ\u00f3mica del pa\u00eds.<\/p>\n<p>En marzo \u00faltimo \u00a0el Gobierno emiti\u00f3 el Decreto 268\/24, que establec\u00eda ayudas econ\u00f3micas previsionales para aquellos titulares cuyos ingresos no superaran cierto umbral. https:\/\/www.boletinoficial.gob.ar\/detalleAviso\/primera\/305256\/20240403<\/p>\n<p>Sin embargo, debido a cambios posteriores en la f\u00f3rmula de movilidad jubilatoria, se hizo necesario ajustar nuevamente estas ayudas para garantizar su efectividad y coherencia con el nuevo sistema.<\/p>\n<p>Seg\u00fan lo dispuesto en el Decreto 282\/24, aquellos titulares cuyos ingresos no excedan los $171.283,31 recibir\u00e1n una ayuda econ\u00f3mica previsional de $70.000. Esta medida busca asegurar un apoyo significativo para aquellos jubilados y pensionados que se encuentran en los rangos m\u00e1s bajos de ingresos, proporcion\u00e1ndoles una mayor estabilidad financiera en un contexto econ\u00f3mico desafiante.<\/p>\n<div class=\"custom-text text-content styles_paragraph-detail__iq2ji styles_lila-links__fmg8W styles_note-styles__iXm81\">\n<p>Por otro lado, para aquellos beneficiarios cuyos ingresos superen el mencionado umbral, la ayuda econ\u00f3mica previsional ser\u00e1 calculada de manera que complemente sus ingresos hasta alcanzar un tope de $241.283,31.<\/p>\n<p>Este enfoque busca garantizar que todos los jubilados y pensionados reciban un apoyo adecuado, sin importar su nivel de ingresos, y que ning\u00fan beneficiario quede desatendido en este proceso de transici\u00f3n hacia el nuevo r\u00e9gimen de movilidad jubilatoria.<\/p>\n<p>Adem\u00e1s, como parte de estas medidas, se concedi\u00f3 un incremento extraordinario del 12,5% sobre el \u00cdndice de Precios al Consumidor, lo que proporcionar\u00e1 un alivio adicional a los adultos mayores frente a la creciente inflaci\u00f3n y los aumentos en el costo de vida<strong>(VW)<\/strong>.<\/p>\n<p>&nbsp;<\/p>\n<\/div>\n<div class=\"custom-text text-content styles_paragraph-detail__iq2ji styles_lila-links__fmg8W styles_note-styles__iXm81\">\n<p>&nbsp;<\/p>\n<\/div>\n","protected":false},"excerpt":{"rendered":"<p>Por los cambios posteriores en la f\u00f3rmula de movilidad jubilatoria, se hizo necesario ajustar nuevamente estas ayudas.<\/p>\n","protected":false},"author":3,"featured_media":14115,"comment_status":"closed","ping_status":"closed","sticky":false,"template":"","format":"standard","meta":{"_monsterinsights_skip_tracking":false,"_monsterinsights_sitenote_active":false,"_monsterinsights_sitenote_note":"","_monsterinsights_sitenote_category":0,"footnotes":""},"categories":[8],"tags":[1804,300,478],"class_list":["post-14118","post","type-post","status-publish","format-standard","has-post-thumbnail","hentry","category-interes-general","tag-ajuste","tag-anses","tag-jubilaciones"],"_links":{"self":[{"href":"https:\/\/www.visionweb.com.ar\/index.php?rest_route=\/wp\/v2\/posts\/14118","targetHints":{"allow":["GET"]}}],"collection":[{"href":"https:\/\/www.visionweb.com.ar\/index.php?rest_route=\/wp\/v2\/posts"}],"about":[{"href":"https:\/\/www.visionweb.com.ar\/index.php?rest_route=\/wp\/v2\/types\/post"}],"author":[{"embeddable":true,"href":"https:\/\/www.visionweb.com.ar\/index.php?rest_route=\/wp\/v2\/users\/3"}],"replies":[{"embeddable":true,"href":"https:\/\/www.visionweb.com.ar\/index.php?rest_route=%2Fwp%2Fv2%2Fcomments&post=14118"}],"version-history":[{"count":1,"href":"https:\/\/www.visionweb.com.ar\/index.php?rest_route=\/wp\/v2\/posts\/14118\/revisions"}],"predecessor-version":[{"id":14119,"href":"https:\/\/www.visionweb.com.ar\/index.php?rest_route=\/wp\/v2\/posts\/14118\/revisions\/14119"}],"wp:featuredmedia":[{"embeddable":true,"href":"https:\/\/www.visionweb.com.ar\/index.php?rest_route=\/wp\/v2\/media\/14115"}],"wp:attachment":[{"href":"https:\/\/www.visionweb.com.ar\/index.php?rest_route=%2Fwp%2Fv2%2Fmedia&parent=14118"}],"wp:term":[{"taxonomy":"category","embeddable":true,"href":"https:\/\/www.visionweb.com.ar\/index.php?rest_route=%2Fwp%2Fv2%2Fcategories&post=14118"},{"taxonomy":"post_tag","embeddable":true,"href":"https:\/\/www.visionweb.com.ar\/index.php?rest_route=%2Fwp%2Fv2%2Ftags&post=14118"}],"curies":[{"name":"wp","href":"https:\/\/api.w.org\/{rel}","templated":true}]}}