{"id":14110,"date":"2024-04-03T07:53:46","date_gmt":"2024-04-03T10:53:46","guid":{"rendered":"https:\/\/www.visionweb.com.ar\/?p=14110"},"modified":"2024-04-02T23:01:29","modified_gmt":"2024-04-03T02:01:29","slug":"el-gas-aumenta-entre-el-150-y-el-300-y-el-impacto-se-sentira-el-mayo","status":"publish","type":"post","link":"https:\/\/www.visionweb.com.ar\/?p=14110","title":{"rendered":"El gas aumentar\u00e1 entre el 150% y el 300% y el impacto se sentir\u00e1 el mayo"},"content":{"rendered":"<p class=\"td-post-sub-title\"><em><strong>Los nuevos valores se ver\u00e1n reflejados en las facturas por el servicio de este mes, que se paga en mayo. Un usuario que hoy paga $4000 podr\u00eda llegar a tener que abonar $15.500.<\/strong><\/em><!--more--><\/p>\n<p><img loading=\"lazy\" decoding=\"async\" class=\"size-full wp-image-6132 alignleft\" src=\"https:\/\/www.visionweb.com.ar\/wp-content\/uploads\/2022\/06\/aumento-de-gas.bmp\" alt=\"\" width=\"467\" height=\"307\" \/>Las tarifas del servicio de gas natural aumentar\u00e1n desde ma\u00f1ana entre un 150% y un 300% en todo el pa\u00eds, pero el impacto se sentir\u00e1 a partir de mayo, cuando lleguen las facturas por el consumo de este mes.<\/p>\n<p>El Ente Nacional Regulador del Gas (Enargas) tiene preparada la resoluci\u00f3n con los nuevos cuadros tarifarios, que se publicar\u00e1n en el Bolet\u00edn Oficial. Este incremento afectar\u00e1 a todos los usuarios residenciales, comerciales e industriales.<\/p>\n<p>DE acuerdo a lo informado desde la Secretar\u00eda de Energ\u00eda para los hogares de altos ingresos el valor de la factura promedio pasar\u00e1 de $2961 a $9271; los de bajos ingresos, de $838 a $2462; y los de ingresos medios, de $1975 a $6375.<\/p>\n<p>Una tarifa promedio de $4000 podr\u00eda llegar a alcanzar a los $15.500 el pr\u00f3ximo mes para el mismo consumo de metros c\u00fabicos<\/p>\n<p>Pero ese incremento precisado oficialmente representa el aumento de uno de los componentes del precio final que le llega a los consumidores: el costo de producci\u00f3n del gas.<\/p>\n<p>Adem\u00e1s, Enargas publicar\u00e1 ma\u00f1ana los incrementos correspondientes a los componentes de transporte y distribuci\u00f3n, que representan alrededor del 35% del costo total de las facturas.<\/p>\n<p>Estas tarifas se aplican a las empresas responsables del transporte y distribuci\u00f3n del gas desde los centros de producci\u00f3n hasta los hogares. Este aumento ser\u00e1 uniforme para todos los usuarios, ya que no hay segmentaci\u00f3n en estos componentes de las facturas.<\/p>\n<p>Si se materializan todos estos aumentos, las tarifas en el \u00e1rea metropolitana de Buenos Aires (AMBA) podr\u00edan aumentar en promedio $8000 en un mes, sin tener en cuenta la reducci\u00f3n de subsidios establecida por la Secretar\u00eda de Energ\u00eda.<\/p>\n<p>Aunque los pedidos de ajuste realizados por las empresas no son vinculantes, se anticipa alg\u00fan tipo de incremento, dado que la mayor\u00eda de las empresas reportaron p\u00e9rdidas el a\u00f1o pasado debido al congelamiento de sus ingresos en un contexto de alta inflaci\u00f3n.<\/p>\n<p>Se espera que el ente que regula el gas apruebe un aumento del 350%, lo que implicar\u00eda un incremento en la tarifa final de al menos el 70% adicional al del costo de producci\u00f3n<strong>(VW)<\/strong>.<\/p>\n<div class=\"td-module-meta-info\"><\/div>\n","protected":false},"excerpt":{"rendered":"<p>Los nuevos valores se ver\u00e1n reflejados en las facturas por el servicio de este mes, que se paga en mayo. Un usuario que hoy paga $4000 podr\u00eda llegar a tener que abonar $15.500.<\/p>\n","protected":false},"author":3,"featured_media":5627,"comment_status":"closed","ping_status":"closed","sticky":false,"template":"","format":"standard","meta":{"_monsterinsights_skip_tracking":false,"_monsterinsights_sitenote_active":false,"_monsterinsights_sitenote_note":"","_monsterinsights_sitenote_category":0,"footnotes":""},"categories":[3,6],"tags":[141,1826,4321,564],"class_list":["post-14110","post","type-post","status-publish","format-standard","has-post-thumbnail","hentry","category-actualidad","category-economia","tag-aumentos","tag-gas","tag-mayo","tag-tarifas"],"_links":{"self":[{"href":"https:\/\/www.visionweb.com.ar\/index.php?rest_route=\/wp\/v2\/posts\/14110","targetHints":{"allow":["GET"]}}],"collection":[{"href":"https:\/\/www.visionweb.com.ar\/index.php?rest_route=\/wp\/v2\/posts"}],"about":[{"href":"https:\/\/www.visionweb.com.ar\/index.php?rest_route=\/wp\/v2\/types\/post"}],"author":[{"embeddable":true,"href":"https:\/\/www.visionweb.com.ar\/index.php?rest_route=\/wp\/v2\/users\/3"}],"replies":[{"embeddable":true,"href":"https:\/\/www.visionweb.com.ar\/index.php?rest_route=%2Fwp%2Fv2%2Fcomments&post=14110"}],"version-history":[{"count":2,"href":"https:\/\/www.visionweb.com.ar\/index.php?rest_route=\/wp\/v2\/posts\/14110\/revisions"}],"predecessor-version":[{"id":14112,"href":"https:\/\/www.visionweb.com.ar\/index.php?rest_route=\/wp\/v2\/posts\/14110\/revisions\/14112"}],"wp:featuredmedia":[{"embeddable":true,"href":"https:\/\/www.visionweb.com.ar\/index.php?rest_route=\/wp\/v2\/media\/5627"}],"wp:attachment":[{"href":"https:\/\/www.visionweb.com.ar\/index.php?rest_route=%2Fwp%2Fv2%2Fmedia&parent=14110"}],"wp:term":[{"taxonomy":"category","embeddable":true,"href":"https:\/\/www.visionweb.com.ar\/index.php?rest_route=%2Fwp%2Fv2%2Fcategories&post=14110"},{"taxonomy":"post_tag","embeddable":true,"href":"https:\/\/www.visionweb.com.ar\/index.php?rest_route=%2Fwp%2Fv2%2Ftags&post=14110"}],"curies":[{"name":"wp","href":"https:\/\/api.w.org\/{rel}","templated":true}]}}