{"id":14106,"date":"2024-04-02T10:16:19","date_gmt":"2024-04-02T13:16:19","guid":{"rendered":"https:\/\/www.visionweb.com.ar\/?p=14106"},"modified":"2024-04-02T10:16:19","modified_gmt":"2024-04-02T13:16:19","slug":"dia-del-veterano-y-de-los-caidos-en-la-guerra-de-malvinas","status":"publish","type":"post","link":"https:\/\/www.visionweb.com.ar\/?p=14106","title":{"rendered":"D\u00eda del Veterano y de los Ca\u00eddos en la Guerra de Malvinas"},"content":{"rendered":"<p><em><strong>42 a\u00f1os de la guerra de Malvinas que comenz\u00f3 el 2 de abril de 1982 y se extendi\u00f3 por 74 d\u00edas. Los n\u00fameros que dej\u00f3 la guerra y por qu\u00e9 fue determinante el hundimiento del ARA General Belgrano.<\/strong><\/em><!--more--><\/p>\n<div id=\"attachment_14107\" style=\"width: 310px\" class=\"wp-caption alignright\"><img loading=\"lazy\" decoding=\"async\" aria-describedby=\"caption-attachment-14107\" class=\"wp-image-14107 size-medium\" src=\"https:\/\/www.visionweb.com.ar\/wp-content\/uploads\/2024\/04\/malvinas-300x166.png\" alt=\"\" width=\"300\" height=\"166\" srcset=\"https:\/\/www.visionweb.com.ar\/wp-content\/uploads\/2024\/04\/malvinas-300x166.png 300w, https:\/\/www.visionweb.com.ar\/wp-content\/uploads\/2024\/04\/malvinas.png 556w\" sizes=\"auto, (max-width: 300px) 100vw, 300px\" \/><p id=\"caption-attachment-14107\" class=\"wp-caption-text\">Foto de archivo guerra de Malvinas<\/p><\/div>\n<p><strong>\u00a0\u00a0\u00a0\u00a0 E<\/strong>l 2 de abril de 1982, las fuerzas argentinas lanzaron la\u00a0<strong>\u201cOperaci\u00f3n Rosario\u201d, el nombre en c\u00f3digo de la invasi\u00f3n de las Islas Malvinas, d\u00eda que marc\u00f3 el inicio de la Guerra de las Malvinas, un conflicto que durar\u00eda 74 d\u00edas<\/strong>.<\/p>\n<p>La jornada busca\u00a0<strong>recordar lo ocurrido<\/strong>\u00a0en esos 74 d\u00edas, los combatientes fallecidos, heridos y los miles de veteranos que participaron de uno de los hechos m\u00e1s importantes de la historia del pa\u00eds.<\/p>\n<p>Cada a\u00f1o, se busca recordar a quienes pelearon por la\u00a0<strong>soberan\u00eda de este territorio<\/strong>.<\/p>\n<p>En 1982, las tropas argentinas arribaron a Malvinas, con el fin de exigir su soberan\u00eda.\u00a0<strong>Margaret Thatcher<\/strong>, la entonces primera ministra brit\u00e1nica, decidi\u00f3 enviar una dotaci\u00f3n de militares como manera de expresar su rechazo y solicitar el retiro inmediato del cuerpo argentino.<\/p>\n<p>Sin embargo, la disputa creci\u00f3 y se llev\u00f3 a cabo una guerra, en la cual participaron 23.544 argentinos y 25.948 soldados brit\u00e1nicos.<\/p>\n<p>La\u00a0<strong>Guerra de Malvinas\u00a0<\/strong>provoc\u00f3 la\u00a0<strong>muerte de 649 soldados argentinos<\/strong>, 255 brit\u00e1nicos y 3 isle\u00f1os. Concluida la guerra, alrededor de 500 suicidios de excombatientes fueron registrados, a causa de las secuelas y traumas de este conflicto b\u00e9lico.<\/p>\n<p>La mitad de los soldados argentinos fallecidos perdi\u00f3 la vida durante el hundimiento del\u00a0<strong>ARA General Belgrano<\/strong>, el buque argentino que fue atacado por un submarino brit\u00e1nico.<\/p>\n<p>Luego de 74 d\u00edas, el combate lleg\u00f3 a su fin, el 14 de junio de 1982, tras la\u00a0<strong>rendici\u00f3n\u00a0<\/strong>de la comandancia argentina.<\/p>\n<div id=\"attachment_14108\" style=\"width: 310px\" class=\"wp-caption alignleft\"><img loading=\"lazy\" decoding=\"async\" aria-describedby=\"caption-attachment-14108\" class=\"wp-image-14108 size-medium\" src=\"https:\/\/www.visionweb.com.ar\/wp-content\/uploads\/2024\/04\/islas-malvinas-300x183.png\" alt=\"\" width=\"300\" height=\"183\" srcset=\"https:\/\/www.visionweb.com.ar\/wp-content\/uploads\/2024\/04\/islas-malvinas-300x183.png 300w, https:\/\/www.visionweb.com.ar\/wp-content\/uploads\/2024\/04\/islas-malvinas.png 535w\" sizes=\"auto, (max-width: 300px) 100vw, 300px\" \/><p id=\"caption-attachment-14108\" class=\"wp-caption-text\">Imagen satelital de las Islas<\/p><\/div>\n<p>En las primeras horas de la madrugada del 2 de abril, fuerzas especiales argentinas, incluyendo miembros del Grupo de Operaciones Especiales de la Infanter\u00eda de Marina y el Batall\u00f3n de Infanter\u00eda de Marina N.\u00ba 2,\u00a0comenzaron a desembarcar en las Islas Malvinas.<\/p>\n<p><strong>El pa\u00eds entero rinde homenaje hoy a los veteranos y ca\u00eddos en la Guerra de Malvinas,\u00a0un conflicto que se extendi\u00f3 74 d\u00edas y murieron soldados argentinos.\u00a0<\/strong>La guerra finaliz\u00f3 el 14 de junio.<\/p>\n<p>El D\u00eda del Veterano y Ca\u00eddos en la Guerra de Malvinas se conmemora cada 2 de abril desde 2001, fecha en que se promulg\u00f3 la Ley N\u00b0 25.370 que instituy\u00f3 esta jornada de homenaje y reflexi\u00f3n en todo el territorio nacional. <strong>(VW)<\/strong><\/p>\n","protected":false},"excerpt":{"rendered":"<p>42 a\u00f1os de la guerra de Malvinas que comenz\u00f3 el 2 de abril de 1982 y se extendi\u00f3 por 74 d\u00edas. Los n\u00fameros que dej\u00f3 la guerra y por qu\u00e9 fue determinante el hundimiento&#46;&#46;&#46;<\/p>\n","protected":false},"author":4,"featured_media":14108,"comment_status":"closed","ping_status":"closed","sticky":false,"template":"","format":"standard","meta":{"_monsterinsights_skip_tracking":false,"_monsterinsights_sitenote_active":false,"_monsterinsights_sitenote_note":"","_monsterinsights_sitenote_category":0,"footnotes":""},"categories":[8,4,5],"tags":[4203,5907,5578,1998],"class_list":["post-14106","post","type-post","status-publish","format-standard","has-post-thumbnail","hentry","category-interes-general","category-politica","category-sociedad","tag-2-de-abril","tag-guerra-de-malvinas","tag-homenajes","tag-veteranos"],"_links":{"self":[{"href":"https:\/\/www.visionweb.com.ar\/index.php?rest_route=\/wp\/v2\/posts\/14106","targetHints":{"allow":["GET"]}}],"collection":[{"href":"https:\/\/www.visionweb.com.ar\/index.php?rest_route=\/wp\/v2\/posts"}],"about":[{"href":"https:\/\/www.visionweb.com.ar\/index.php?rest_route=\/wp\/v2\/types\/post"}],"author":[{"embeddable":true,"href":"https:\/\/www.visionweb.com.ar\/index.php?rest_route=\/wp\/v2\/users\/4"}],"replies":[{"embeddable":true,"href":"https:\/\/www.visionweb.com.ar\/index.php?rest_route=%2Fwp%2Fv2%2Fcomments&post=14106"}],"version-history":[{"count":1,"href":"https:\/\/www.visionweb.com.ar\/index.php?rest_route=\/wp\/v2\/posts\/14106\/revisions"}],"predecessor-version":[{"id":14109,"href":"https:\/\/www.visionweb.com.ar\/index.php?rest_route=\/wp\/v2\/posts\/14106\/revisions\/14109"}],"wp:featuredmedia":[{"embeddable":true,"href":"https:\/\/www.visionweb.com.ar\/index.php?rest_route=\/wp\/v2\/media\/14108"}],"wp:attachment":[{"href":"https:\/\/www.visionweb.com.ar\/index.php?rest_route=%2Fwp%2Fv2%2Fmedia&parent=14106"}],"wp:term":[{"taxonomy":"category","embeddable":true,"href":"https:\/\/www.visionweb.com.ar\/index.php?rest_route=%2Fwp%2Fv2%2Fcategories&post=14106"},{"taxonomy":"post_tag","embeddable":true,"href":"https:\/\/www.visionweb.com.ar\/index.php?rest_route=%2Fwp%2Fv2%2Ftags&post=14106"}],"curies":[{"name":"wp","href":"https:\/\/api.w.org\/{rel}","templated":true}]}}