{"id":14103,"date":"2024-04-02T10:01:33","date_gmt":"2024-04-02T13:01:33","guid":{"rendered":"https:\/\/www.visionweb.com.ar\/?p=14103"},"modified":"2024-04-02T10:01:33","modified_gmt":"2024-04-02T13:01:33","slug":"gobernadores-preparan-un-petitorio-contra-el-pacto-de-mayo-de-milei","status":"publish","type":"post","link":"https:\/\/www.visionweb.com.ar\/?p=14103","title":{"rendered":"Gobernadores preparan un petitorio contra el Pacto de Mayo de Milei"},"content":{"rendered":"<p><em><strong>16 gobernadores de todos los colores pol\u00edticos preparan un petitorio para rechazar el Pacto de Mayo que propuso Javier Milei el pasado 1 de marzo.<\/strong><\/em><!--more--><\/p>\n<p><img loading=\"lazy\" decoding=\"async\" class=\"size-medium wp-image-14104 alignright\" src=\"https:\/\/www.visionweb.com.ar\/wp-content\/uploads\/2024\/04\/Gobernadores-300x142.png\" alt=\"\" width=\"300\" height=\"142\" srcset=\"https:\/\/www.visionweb.com.ar\/wp-content\/uploads\/2024\/04\/Gobernadores-300x142.png 300w, https:\/\/www.visionweb.com.ar\/wp-content\/uploads\/2024\/04\/Gobernadores-520x245.png 520w, https:\/\/www.visionweb.com.ar\/wp-content\/uploads\/2024\/04\/Gobernadores.png 713w\" sizes=\"auto, (max-width: 300px) 100vw, 300px\" \/> \u00a0<strong>Gobernadores<\/strong>\u00a0de todo el pa\u00eds preparan un <strong>petitorio<\/strong> contra el\u00a0<strong>Pacto de Mayo<\/strong>, el principio de acuerdo que el Ejecutivo nacional quiere concretar con los 24 mandatarios a fin de establecer un \u201c<strong>nuevo orden econ\u00f3mico argentino<\/strong>\u201d.<\/p>\n<p>Tras el fracaso de la\u00a0<strong>ley<\/strong>\u00a0<strong>\u00f3mnibus\u00a0<\/strong>y luego las presiones que el presidente\u00a0<strong>Javier<\/strong>\u00a0<strong>Milei<\/strong>\u00a0propin\u00f3 contra las Provincias, <strong>son 16 los gobernadores que redactaron un documento que propone contrarrestar 10 puntos del<\/strong> <strong>Pacto de Mayo<\/strong>\u00a0que el presidente\u00a0<strong>Milei<\/strong>\u00a0pretende que se firme en la fecha en la que se conmemora la Revoluci\u00f3n de Mayo.<\/p>\n<p>Entre sus lineamientos,\u00a0<strong>se destacan demandas por m\u00e1s financiamiento para las provincias y \u201cun pedido de reconocimiento del federalismo\u201d, <\/strong>conforme indic\u00f3 Diputados Bonaerenses.<\/p>\n<p>Cabe mencionar que, en el\u00a0<strong>petitorio\u00a0<\/strong>est\u00e1n trabajando los diez mandatarios provinciales de la Liga del Norte:\u00a0<strong>Ra\u00fal<\/strong>\u00a0<strong>Jalil<\/strong>\u00a0de Catamarca;\u00a0<strong>Leandro<\/strong>\u00a0<strong>Zdero<\/strong>\u00a0de Chaco;\u00a0<strong>Gustavo<\/strong>\u00a0<strong>Vald\u00e9s<\/strong>\u00a0de Corrientes;\u00a0<strong>Gildo<\/strong>\u00a0<strong>Insfr\u00e1n<\/strong>\u00a0de Formosa;\u00a0<strong>Carlos<\/strong>\u00a0<strong>Sadir<\/strong>\u00a0de Jujuy;\u00a0<strong>Ricardo<\/strong>\u00a0<strong>Quintela<\/strong>\u00a0de La Rioja;\u00a0<strong>Hugo<\/strong>\u00a0<strong>Passalacqua<\/strong>\u00a0de Misiones;\u00a0<strong>Gustavo<\/strong>\u00a0<strong>S\u00e1enz<\/strong>\u00a0de Salta;\u00a0<strong>Gerardo<\/strong>\u00a0<strong>Zamora<\/strong>\u00a0de Santiago del Estero y\u00a0<strong>Osvaldo<\/strong>\u00a0<strong>Jaldo<\/strong>\u00a0de Tucum\u00e1n.<\/p>\n<p>Asimismo, tambi\u00e9n forman parte de la elaboraci\u00f3n del texto los seis\u00a0<strong>Gobernadores<\/strong>\u00a0patag\u00f3nicos:\u00a0<strong>Ignacio<\/strong>\u00a0<strong>Torres<\/strong>\u00a0de Chubut;\u00a0<strong>Claudio<\/strong>\u00a0<strong>Vidal<\/strong>\u00a0de Santa Cruz;\u00a0<strong>Sergio<\/strong>\u00a0<strong>Ziliotto<\/strong>\u00a0de La Pampa;\u00a0<strong>Rolando<\/strong>\u00a0<strong>Figueroa<\/strong>\u00a0de Neuqu\u00e9n;\u00a0<strong>Alberto<\/strong>\u00a0<strong>Weretilnek<\/strong>\u00a0de R\u00edo Negro y\u00a0<strong>Gustavo<\/strong>\u00a0<strong>Melella<\/strong>\u00a0de Tierra del Fuego.<\/p>\n<p>Si bien por ahora lo firmar\u00edan los 16 autores,\u00a0<strong>las negociaciones siguen fren\u00e9ticas para que ese n\u00famero se ampl\u00ede a todos los mandatarios<\/strong>.<\/p>\n<p>De esta manera, esta semana ser\u00e1 clave para el Ejecutivo para concretar acuerdos y frenar dicha misiva, debido a que el jueves el ministro del Interior,\u00a0<strong>Guillermo<\/strong>\u00a0<strong>Francos<\/strong>, recibir\u00e1 junto al jefe de Gabinete\u00a0<strong>Nicol\u00e1s<\/strong>\u00a0<strong>Posse<\/strong>\u00a0a los diez mandatarios provinciales de Juntos por el Cambio en Casa Rosada.<\/p>\n<p>Si bien a priori los mandatarios de Cambiemos son los aliados m\u00e1s cercanos del oficialismo liberal, teniendo en cuenta que el espacio no logr\u00f3 ganar ninguna elecci\u00f3n provincial,\u00a0<strong>las distintas pol\u00edticas que llev\u00f3 a cabo Milei contra las Provincias entorpecieron fuertemente el v\u00ednculo<\/strong>, algo que qued\u00f3 en claro con la ca\u00edda de la ley \u00f3mnibus.<\/p>\n<p>De hecho, esta semana el mandatario santacruce\u00f1o\u00a0<strong>Claudio<\/strong>\u00a0<strong>Vidal<\/strong>, adelant\u00f3 que<strong>\u00a0\u201csi no hay recursos\u201d \u00e9l no firmar\u00e1 ni la ley \u00f3mnibus ni el Pacto de Mayo<\/strong>.<\/p>\n<p>Pese a que no hay una fecha estimativa para lanzar este\u00a0<strong>documento redactado por los Gobernadores<\/strong>, fuentes oficiales informaron que <strong>los mandatarios planean anunciarlo en un acto conjunto entre los\u00a0dirigentes\u00a0del norte y del sur argentino<\/strong>.<\/p>\n<p>No obstante, a\u00fan quedan varios encuentros en los que ultimar\u00e1n detalles acerca de cada uno de los puntos que funcionar\u00e1n como contraataque al\u00a0<strong>Pacto de Mayo<\/strong>.<\/p>\n<p>Asimismo, el ministro del Interior tambi\u00e9n tiene previsto reunirse con los gobernadores\u00a0<strong>Axel<\/strong>\u00a0<strong>Kicillof<\/strong>\u00a0(Buenos Aires),\u00a0<strong>Sergio<\/strong>\u00a0<strong>Ziliotto<\/strong>\u00a0(La Pampa),\u00a0<strong>Gustavo<\/strong>\u00a0<strong>Melella<\/strong>\u00a0(Tierra del Fuego) y\u00a0<strong>Mart\u00edn<\/strong>\u00a0<strong>Llaryora<\/strong>\u00a0(C\u00f3rdoba), con el objetivo de crear consensos para la aprobaci\u00f3n de la\u00a0<strong>nueva<\/strong>\u00a0ley\u00a0<strong>\u00f3mnibus<\/strong>, cuyos principios a\u00fan est\u00e1n siendo escritos por el Gobierno nacional.<\/p>\n<p>Ante este contexto, estas \u00faltimas reuniones que tendr\u00e1 el funcionario nacional terminar\u00e1n por definir si los Gobernadores o bien se plegar\u00e1n tanto a la nueva\u00a0<strong>ley<\/strong>\u00a0<strong>\u00f3mnibus<\/strong>\u00a0como as\u00ed tambi\u00e9n al\u00a0<strong>Pacto de Mayo<\/strong>, o si avanzar\u00e1n en un\u00a0<strong>petitorio propio<\/strong>, a sabiendas que\u00a0<strong>su env\u00edo ser\u00e1 tomado por Milei como una verdadera declaraci\u00f3n de guerra<\/strong>. <strong>(VW)<\/strong><\/p>\n<p>&nbsp;<\/p>\n","protected":false},"excerpt":{"rendered":"<p>16 gobernadores de todos los colores pol\u00edticos preparan un petitorio para rechazar el Pacto de Mayo que propuso Javier Milei el pasado 1 de marzo.<\/p>\n","protected":false},"author":4,"featured_media":14104,"comment_status":"closed","ping_status":"closed","sticky":false,"template":"","format":"standard","meta":{"_monsterinsights_skip_tracking":false,"_monsterinsights_sitenote_active":false,"_monsterinsights_sitenote_note":"","_monsterinsights_sitenote_category":0,"footnotes":""},"categories":[4],"tags":[1972,1263,5906],"class_list":["post-14103","post","type-post","status-publish","format-standard","has-post-thumbnail","hentry","category-politica","tag-documento","tag-gobernadores","tag-pacto-de-mayo"],"_links":{"self":[{"href":"https:\/\/www.visionweb.com.ar\/index.php?rest_route=\/wp\/v2\/posts\/14103","targetHints":{"allow":["GET"]}}],"collection":[{"href":"https:\/\/www.visionweb.com.ar\/index.php?rest_route=\/wp\/v2\/posts"}],"about":[{"href":"https:\/\/www.visionweb.com.ar\/index.php?rest_route=\/wp\/v2\/types\/post"}],"author":[{"embeddable":true,"href":"https:\/\/www.visionweb.com.ar\/index.php?rest_route=\/wp\/v2\/users\/4"}],"replies":[{"embeddable":true,"href":"https:\/\/www.visionweb.com.ar\/index.php?rest_route=%2Fwp%2Fv2%2Fcomments&post=14103"}],"version-history":[{"count":1,"href":"https:\/\/www.visionweb.com.ar\/index.php?rest_route=\/wp\/v2\/posts\/14103\/revisions"}],"predecessor-version":[{"id":14105,"href":"https:\/\/www.visionweb.com.ar\/index.php?rest_route=\/wp\/v2\/posts\/14103\/revisions\/14105"}],"wp:featuredmedia":[{"embeddable":true,"href":"https:\/\/www.visionweb.com.ar\/index.php?rest_route=\/wp\/v2\/media\/14104"}],"wp:attachment":[{"href":"https:\/\/www.visionweb.com.ar\/index.php?rest_route=%2Fwp%2Fv2%2Fmedia&parent=14103"}],"wp:term":[{"taxonomy":"category","embeddable":true,"href":"https:\/\/www.visionweb.com.ar\/index.php?rest_route=%2Fwp%2Fv2%2Fcategories&post=14103"},{"taxonomy":"post_tag","embeddable":true,"href":"https:\/\/www.visionweb.com.ar\/index.php?rest_route=%2Fwp%2Fv2%2Ftags&post=14103"}],"curies":[{"name":"wp","href":"https:\/\/api.w.org\/{rel}","templated":true}]}}