{"id":14097,"date":"2024-04-02T08:45:49","date_gmt":"2024-04-02T11:45:49","guid":{"rendered":"https:\/\/www.visionweb.com.ar\/?p=14097"},"modified":"2024-04-02T08:45:49","modified_gmt":"2024-04-02T11:45:49","slug":"la-economia-bonaerense-cayo-mas-del-4-en-enero","status":"publish","type":"post","link":"https:\/\/www.visionweb.com.ar\/?p=14097","title":{"rendered":"La econom\u00eda bonaerense cay\u00f3 m\u00e1s del 4%  en enero"},"content":{"rendered":"<p><strong><em>El freno a la obra p\u00fablica en la provincia de Buenos Aires es uno de los principales causales de esta problem\u00e1tica.<\/em><\/strong><!--more--><\/p>\n<div id=\"attachment_3002\" style=\"width: 310px\" class=\"wp-caption alignleft\"><img loading=\"lazy\" decoding=\"async\" aria-describedby=\"caption-attachment-3002\" class=\"wp-image-3002 size-medium\" src=\"https:\/\/www.visionweb.com.ar\/wp-content\/uploads\/2021\/10\/PARQUE-INDUSTRIAL-DE-CURTIEMBRES-DE-LANUS-300x200.png\" alt=\"\" width=\"300\" height=\"200\" srcset=\"https:\/\/www.visionweb.com.ar\/wp-content\/uploads\/2021\/10\/PARQUE-INDUSTRIAL-DE-CURTIEMBRES-DE-LANUS-300x200.png 300w, https:\/\/www.visionweb.com.ar\/wp-content\/uploads\/2021\/10\/PARQUE-INDUSTRIAL-DE-CURTIEMBRES-DE-LANUS-768x512.png 768w, https:\/\/www.visionweb.com.ar\/wp-content\/uploads\/2021\/10\/PARQUE-INDUSTRIAL-DE-CURTIEMBRES-DE-LANUS.png 800w\" sizes=\"auto, (max-width: 300px) 100vw, 300px\" \/><p id=\"caption-attachment-3002\" class=\"wp-caption-text\"><em><strong>El rubro de la construcci\u00f3n y la obra p\u00fablica los rubros m\u00e1s afectados (Archivo VW)<\/strong><\/em><\/p><\/div>\n<p>La actividad econ\u00f3mica provincial experiment\u00f3 una retracci\u00f3n del 4.5%, de acuerdo a los datos publicado por el Estimador Mensual de Actividad econ\u00f3mica y el mayos impacto se sinti\u00f3 en el rubro de la construcci\u00f3n que sufri\u00f3 una retracci\u00f3n superior a los 16 puntos porcentuales.<\/p>\n<p>\u201cNo se puede estabilizar la macroeconom\u00eda si se destruye la producci\u00f3n\u201d, asegur\u00f3 el ministro de Econom\u00eda provincial Pablo L\u00f3pez, al responsabilizar al gobierno nacional de Javier Milei por el balance de n\u00fameros.<\/p>\n<p>Seg\u00fan el ministro, \u201clas pol\u00edticas recesivas del Gobierno Nacional tienen un correlato directo en la econom\u00eda real\u201d.<\/p>\n<p>\u201cEn enero, la actividad econ\u00f3mica de la Provincia cay\u00f3 4,5 por ciento\u201d, precisa el funcionario. Y advierte que \u201cal igual que en Naci\u00f3n 1) industria, comercio y construcci\u00f3n explican gran parte del retroceso y 2) el agro solo crece por el sesgo estad\u00edstico de la sequ\u00eda\u201d.<\/p>\n<p>El freno a la obra p\u00fablica en la provincia de Buenos Aires es otro de los principales causales de la ca\u00edda de la producci\u00f3n.<\/p>\n<div id=\"attachment_14098\" style=\"width: 310px\" class=\"wp-caption alignright\"><img loading=\"lazy\" decoding=\"async\" aria-describedby=\"caption-attachment-14098\" class=\"wp-image-14098 size-medium\" src=\"https:\/\/www.visionweb.com.ar\/wp-content\/uploads\/2024\/04\/MINISTRO-DE-ECONOMIA-PABLO-LOPEZ-300x174.png\" alt=\"\" width=\"300\" height=\"174\" srcset=\"https:\/\/www.visionweb.com.ar\/wp-content\/uploads\/2024\/04\/MINISTRO-DE-ECONOMIA-PABLO-LOPEZ-300x174.png 300w, https:\/\/www.visionweb.com.ar\/wp-content\/uploads\/2024\/04\/MINISTRO-DE-ECONOMIA-PABLO-LOPEZ.png 640w\" sizes=\"auto, (max-width: 300px) 100vw, 300px\" \/><p id=\"caption-attachment-14098\" class=\"wp-caption-text\"><em><strong>Ministro de Econom\u00eda bonaerense Pablo L\u00f3pez (Imagen: Prensa Ministerio de Econom\u00eda de la provincia de Buenos Aires)<\/strong><\/em><\/p><\/div>\n<p>Por el lado de la industria, la baja alcanz\u00f3 el 11.8%, mientras que el comercio no super\u00f3 los dos d\u00edgitos, pero lleg\u00f3 a registrar un 9.2% de ca\u00edda interanual.<\/p>\n<p>A su vez, la pesca (-13.5%), electricidad (5.9%); Hoteles y restaurantes (1%) y transporte (0.5) fueron otros sectores que mostraron n\u00fameros en rojo.<\/p>\n<p>Los \u00fanicos que registraron buenos \u00edndices fueron Administraci\u00f3n P\u00fablica, Ense\u00f1anza, Servicios Sociales y de Salud y Agricultura (este \u00faltimo con un aumento de la actividad en un 11.1%).<\/p>\n<p>\u201cLos tres sectores m\u00e1s afectados por el plan recesivo del Gobierno Nacional son la base del mercado interno: explican el 40% del empleo y del valor agregado nacionales. Los y las bonaerenses son los grandes perjudicados, porque esos sectores se radican en gran medida en su territorio\u201d, asegur\u00f3 el ministro en redes sociales<strong>(VW)<\/strong>.<\/p>\n","protected":false},"excerpt":{"rendered":"<p>El freno a la obra p\u00fablica en la provincia de Buenos Aires es uno de los principales causales de esta problem\u00e1tica.<\/p>\n","protected":false},"author":3,"featured_media":3002,"comment_status":"closed","ping_status":"closed","sticky":false,"template":"","format":"standard","meta":{"_monsterinsights_skip_tracking":false,"_monsterinsights_sitenote_active":false,"_monsterinsights_sitenote_note":"","_monsterinsights_sitenote_category":0,"footnotes":""},"categories":[6],"tags":[156,4618,2942,641,1497],"class_list":["post-14097","post","type-post","status-publish","format-standard","has-post-thumbnail","hentry","category-economia","tag-construccion","tag-derrumbe","tag-industria","tag-obra-publica","tag-pesca"],"_links":{"self":[{"href":"https:\/\/www.visionweb.com.ar\/index.php?rest_route=\/wp\/v2\/posts\/14097","targetHints":{"allow":["GET"]}}],"collection":[{"href":"https:\/\/www.visionweb.com.ar\/index.php?rest_route=\/wp\/v2\/posts"}],"about":[{"href":"https:\/\/www.visionweb.com.ar\/index.php?rest_route=\/wp\/v2\/types\/post"}],"author":[{"embeddable":true,"href":"https:\/\/www.visionweb.com.ar\/index.php?rest_route=\/wp\/v2\/users\/3"}],"replies":[{"embeddable":true,"href":"https:\/\/www.visionweb.com.ar\/index.php?rest_route=%2Fwp%2Fv2%2Fcomments&post=14097"}],"version-history":[{"count":1,"href":"https:\/\/www.visionweb.com.ar\/index.php?rest_route=\/wp\/v2\/posts\/14097\/revisions"}],"predecessor-version":[{"id":14099,"href":"https:\/\/www.visionweb.com.ar\/index.php?rest_route=\/wp\/v2\/posts\/14097\/revisions\/14099"}],"wp:featuredmedia":[{"embeddable":true,"href":"https:\/\/www.visionweb.com.ar\/index.php?rest_route=\/wp\/v2\/media\/3002"}],"wp:attachment":[{"href":"https:\/\/www.visionweb.com.ar\/index.php?rest_route=%2Fwp%2Fv2%2Fmedia&parent=14097"}],"wp:term":[{"taxonomy":"category","embeddable":true,"href":"https:\/\/www.visionweb.com.ar\/index.php?rest_route=%2Fwp%2Fv2%2Fcategories&post=14097"},{"taxonomy":"post_tag","embeddable":true,"href":"https:\/\/www.visionweb.com.ar\/index.php?rest_route=%2Fwp%2Fv2%2Ftags&post=14097"}],"curies":[{"name":"wp","href":"https:\/\/api.w.org\/{rel}","templated":true}]}}