{"id":14095,"date":"2024-04-02T08:18:00","date_gmt":"2024-04-02T11:18:00","guid":{"rendered":"https:\/\/www.visionweb.com.ar\/?p=14095"},"modified":"2024-04-02T08:18:00","modified_gmt":"2024-04-02T11:18:00","slug":"segun-el-gobierno-semama-santa-tuvo-record-de-turistas","status":"publish","type":"post","link":"https:\/\/www.visionweb.com.ar\/?p=14095","title":{"rendered":"Seg\u00fan el Gobierno Semama Santa tuvo r\u00e9cord de turistas"},"content":{"rendered":"<p><em><strong>Naci\u00f3n emiti\u00f3 un comunicado en el que asegura que Mar del Plata tuvo \u201cel mejor fin de semana largo despu\u00e9s de 30 a\u00f1os\u201d.<\/strong><\/em><!--more--><\/p>\n<div id=\"attachment_13493\" style=\"width: 310px\" class=\"wp-caption alignright\"><img loading=\"lazy\" decoding=\"async\" aria-describedby=\"caption-attachment-13493\" class=\"wp-image-13493 size-medium\" src=\"https:\/\/www.visionweb.com.ar\/wp-content\/uploads\/2024\/02\/MAR-DEL-PLATA-TURISMO-300x196.png\" alt=\"\" width=\"300\" height=\"196\" srcset=\"https:\/\/www.visionweb.com.ar\/wp-content\/uploads\/2024\/02\/MAR-DEL-PLATA-TURISMO-300x196.png 300w, https:\/\/www.visionweb.com.ar\/wp-content\/uploads\/2024\/02\/MAR-DEL-PLATA-TURISMO.png 448w\" sizes=\"auto, (max-width: 300px) 100vw, 300px\" \/><p id=\"caption-attachment-13493\" class=\"wp-caption-text\"><strong>Mar del Plata bati\u00f3 el r\u00e9cord de turistas que eligieron esa ciudad para las mini vacaciones, seg\u00fan Turismo de la Naci\u00f3n (Archivo) <\/strong><\/p><\/div>\n<p>El Gobierno nacional asegur\u00f3 en las \u00faltimas horas que se registr\u00f3 un \u201cr\u00e9cord de turistas\u201d en todo el pa\u00eds durante Semana Santa y Mar del Plata tuvo \u201cel mejor fin de semana largo despu\u00e9s de 30 a\u00f1os\u201d, en medio de la crisis econ\u00f3mica que golpea al pa\u00eds.<\/p>\n<p>La Secretar\u00eda de Turismo, Ambiente y Deportes nacional, que conduce Daniel Scioli, emiti\u00f3 este lunes un comunicado en el que habl\u00f3 de \u201cr\u00e9cord de turistas\u201d y se\u00f1al\u00f3 que \u201clos primeros cuatro d\u00edas del fin de semana extra largo registraron niveles de ocupaci\u00f3n que superaron el 90% en varios destinos nacionales\u201d, llegando en algunos casos a la \u201cocupaci\u00f3n plena\u201d.<\/p>\n<p>Naci\u00f3n detall\u00f3 que entre las ciudades de la provincia de Buenos Aires se destacaron Tandil, con el 98% de ocupaci\u00f3n de 10 mil plazas hoteleras y Mar del Plata, que fue visitada por m\u00e1s de 230 mil personas.<\/p>\n<p>El comunicado del Gobierno se\u00f1ala, de acuerdo a fuentes oficiales locales, \u201cLa Feliz\u201d tuvo \u201cel mejor fin de semana largo despu\u00e9s de 30 a\u00f1os\u201d.<\/p>\n<p>En la costa bonaerense tambi\u00e9n registraron un buen desempe\u00f1o Caril\u00f3 y Valeria del Mar, en el partido de Pinamar, con un 93% y 96% de ocupaci\u00f3n respectivamente. En Villa Gesell, Mar Azul y Mar de las Pampas alcanzaron ocupaci\u00f3n plena del 100%.<\/p>\n<p>Por su parte, la Ciudad Aut\u00f3noma de Buenos Aires tuvo la visita de m\u00e1s de 118 mil turistas y un 65% de ocupaci\u00f3n; y la provincia de Entre R\u00edos, alcanz\u00f3 una ocupaci\u00f3n general del 90%, con mayor cantidad de visitas en la costa de los r\u00edos Uruguay y Paran\u00e1.<\/p>\n<div id=\"attachment_3495\" style=\"width: 310px\" class=\"wp-caption alignleft\"><img loading=\"lazy\" decoding=\"async\" aria-describedby=\"caption-attachment-3495\" class=\"wp-image-3495 size-medium\" src=\"https:\/\/www.visionweb.com.ar\/wp-content\/uploads\/2021\/11\/TANDIL-LAGO-DEL-FUERTE-300x201.png\" alt=\"\" width=\"300\" height=\"201\" srcset=\"https:\/\/www.visionweb.com.ar\/wp-content\/uploads\/2021\/11\/TANDIL-LAGO-DEL-FUERTE-300x201.png 300w, https:\/\/www.visionweb.com.ar\/wp-content\/uploads\/2021\/11\/TANDIL-LAGO-DEL-FUERTE.png 640w\" sizes=\"auto, (max-width: 300px) 100vw, 300px\" \/><p id=\"caption-attachment-3495\" class=\"wp-caption-text\"><em><strong>Tandil fue una de las ciudades bonaerenses m\u00e1s visitadas(Archivo)<\/strong><\/em><\/p><\/div>\n<p>Los datos oficiales tambi\u00e9n se\u00f1alan que Misiones alcanz\u00f3 un 90% de ocupaci\u00f3n y el Parque Nacional Iguaz\u00fa lleg\u00f3 a los 32 mil visitantes; mientras que provincia de Mendoza recibi\u00f3 a 132 mil turistas, con una ocupaci\u00f3n del 88%.<\/p>\n<p>\u201cJujuy fue visitada por m\u00e1s de 27 mil turistas, con sus Quebradas como principal atractivo con el 97% de ocupaci\u00f3n, los Valles con 88 por ciento y las Yungas con 81% de sus plazas completas\u201d, inform\u00f3 el Gobierno<\/p>\n<p>En San Luis, Potrero de los Funes, Villa de Merlo y El Trapiche superaron el 96% de ocupaci\u00f3n. En tanto, los valles de Punilla, Calamuchita y Traslasierras, en C\u00f3rdoba, fueron los m\u00e1s elegidos de esa provincia con m\u00e1s del 95%.<\/p>\n<p>Corrientes capital fue visitada por m\u00e1s de 20 mil turistas, con un 92% de ocupaci\u00f3n y una alta concentraci\u00f3n tur\u00edstica en la regi\u00f3n de Esteros del iber\u00e1, seguido por destinos de pesca y playas. Taf\u00ed del Valle y Taf\u00ed Viejo en Tucum\u00e1n superaron el 90%.<\/p>\n<p>Asimismo, el Gobierno inform\u00f3 que m\u00e1s de 45 mil turistas visitaron la provincia de R\u00edo Negro. Se destacaron El Bols\u00f3n y Dina Huapi con el 90% y San Carlos de Bariloche con el 85%. En tanto, en la zona m\u00e1s austral del pa\u00eds, Ushuaia y Tolhuin registraron el 80% y 87% de plazas ocupadas.<\/p>\n<p>\u201cEste fin de semana largo se proyect\u00f3 desde la Subsecretar\u00eda de Turismo porque sabemos que el turismo reactiva las econom\u00edas regionales, genera un movimiento positivo muy importante en cada localidad y beneficia a muchas familias que viven de la actividad tur\u00edstica\u201d, afirm\u00f3 la subsecretaria de Turismo de la Naci\u00f3n, Yanina Mart\u00ednez<strong>(VW)<\/strong>.<\/p>\n","protected":false},"excerpt":{"rendered":"<p>Naci\u00f3n emiti\u00f3 un comunicado en el que asegura que Mar del Plata tuvo \u201cel mejor fin de semana largo despu\u00e9s de 30 a\u00f1os\u201d.<\/p>\n","protected":false},"author":3,"featured_media":13493,"comment_status":"closed","ping_status":"closed","sticky":false,"template":"","format":"standard","meta":{"_monsterinsights_skip_tracking":false,"_monsterinsights_sitenote_active":false,"_monsterinsights_sitenote_note":"","_monsterinsights_sitenote_category":0,"footnotes":""},"categories":[700],"tags":[247,1205,2071,1409,49],"class_list":["post-14095","post","type-post","status-publish","format-standard","has-post-thumbnail","hentry","category-turismo","tag-mar-del-plata","tag-record","tag-semana-santa","tag-tandil","tag-turismo"],"_links":{"self":[{"href":"https:\/\/www.visionweb.com.ar\/index.php?rest_route=\/wp\/v2\/posts\/14095","targetHints":{"allow":["GET"]}}],"collection":[{"href":"https:\/\/www.visionweb.com.ar\/index.php?rest_route=\/wp\/v2\/posts"}],"about":[{"href":"https:\/\/www.visionweb.com.ar\/index.php?rest_route=\/wp\/v2\/types\/post"}],"author":[{"embeddable":true,"href":"https:\/\/www.visionweb.com.ar\/index.php?rest_route=\/wp\/v2\/users\/3"}],"replies":[{"embeddable":true,"href":"https:\/\/www.visionweb.com.ar\/index.php?rest_route=%2Fwp%2Fv2%2Fcomments&post=14095"}],"version-history":[{"count":1,"href":"https:\/\/www.visionweb.com.ar\/index.php?rest_route=\/wp\/v2\/posts\/14095\/revisions"}],"predecessor-version":[{"id":14096,"href":"https:\/\/www.visionweb.com.ar\/index.php?rest_route=\/wp\/v2\/posts\/14095\/revisions\/14096"}],"wp:featuredmedia":[{"embeddable":true,"href":"https:\/\/www.visionweb.com.ar\/index.php?rest_route=\/wp\/v2\/media\/13493"}],"wp:attachment":[{"href":"https:\/\/www.visionweb.com.ar\/index.php?rest_route=%2Fwp%2Fv2%2Fmedia&parent=14095"}],"wp:term":[{"taxonomy":"category","embeddable":true,"href":"https:\/\/www.visionweb.com.ar\/index.php?rest_route=%2Fwp%2Fv2%2Fcategories&post=14095"},{"taxonomy":"post_tag","embeddable":true,"href":"https:\/\/www.visionweb.com.ar\/index.php?rest_route=%2Fwp%2Fv2%2Ftags&post=14095"}],"curies":[{"name":"wp","href":"https:\/\/api.w.org\/{rel}","templated":true}]}}