{"id":14086,"date":"2024-03-29T15:16:57","date_gmt":"2024-03-29T18:16:57","guid":{"rendered":"https:\/\/www.visionweb.com.ar\/?p=14086"},"modified":"2024-03-29T15:17:11","modified_gmt":"2024-03-29T18:17:11","slug":"en-semana-santa-productos-y-gastronomia-tandilera-seran-protagonistas-en-el-patio-sabores-de-tandil","status":"publish","type":"post","link":"https:\/\/www.visionweb.com.ar\/?p=14086","title":{"rendered":"Semana Santa: Productos y gastronom\u00eda tandilera ser\u00e1n protagonistas en el \u00abPatio Sabores de Tandil\u00bb"},"content":{"rendered":"<p><em><strong>Desde las 10 de la ma\u00f1ana hasta la medianoche, los visitantes podr\u00e1n degustar una variedad exquisita de productos locales: salames, quesos, miel, cerveza artesanal.<\/strong><\/em><!--more--><\/p>\n<div id=\"attachment_14087\" style=\"width: 310px\" class=\"wp-caption alignright\"><img loading=\"lazy\" decoding=\"async\" aria-describedby=\"caption-attachment-14087\" class=\"wp-image-14087 size-medium\" src=\"https:\/\/www.visionweb.com.ar\/wp-content\/uploads\/2024\/03\/PATIO-TANDILERO-300x222.jpeg\" alt=\"\" width=\"300\" height=\"222\" srcset=\"https:\/\/www.visionweb.com.ar\/wp-content\/uploads\/2024\/03\/PATIO-TANDILERO-300x222.jpeg 300w, https:\/\/www.visionweb.com.ar\/wp-content\/uploads\/2024\/03\/PATIO-TANDILERO.jpeg 640w\" sizes=\"auto, (max-width: 300px) 100vw, 300px\" \/><p id=\"caption-attachment-14087\" class=\"wp-caption-text\"><strong><em>El \u201cPatio Sabores de Tandil\u201d funcionar\u00e1 desde el jueves 28 de marzo hasta el domingo 31 (Imgen: (Gentiliza: Lucio Rancez)<\/em><\/strong><\/p><\/div>\n<p>Los amantes de la buena comida y las delicias artesanales tienen una cita ineludible en el coraz\u00f3n de Tandil durante Semana Santa.<\/p>\n<p>Desde este jueves el \u00abPatio Sabores de Tandil\u00bb abre sus puertas al p\u00fablico ofreciendo una experiencia gastron\u00f3mica \u00fanica al pie de la portada del Parque Independencia en el pintoresco Jard\u00edn de la Paz.<\/p>\n<p>Este espacio, que conjuga los productos identitarios de la ciudad y su gastronom\u00eda ser\u00e1 parte una vez m\u00e1s de la tradicional Feria de Semana Santa en la Diagonal Illia.<\/p>\n<p><strong>El \u201cPatio Sabores de Tandil\u201d funcionar\u00e1 desde el jueves 28 de marzo hasta el domingo 31,<\/strong> en el entorno inigualable que da el Jardin de la Paz, en lo alto de la Diagonal, espacio propicio para el disfrute de las familias que recorrer\u00e1n la Feria con opciones gastron\u00f3micas para todos los gustos.<\/p>\n<p>Desde las 10 de la ma\u00f1ana hasta la medianoche, los visitantes podr\u00e1n degustar una variedad exquisita de productos locales: salames, quesos, miel, cerveza artesanal y una selecci\u00f3n de los platos m\u00e1s sabrosos de la regi\u00f3n que ponen en valor la producci\u00f3n local, la calidad y la tradici\u00f3n.<\/p>\n<p>En el stand de Cagnoli se podr\u00e1 disfrutar de los cl\u00e1sicos s\u00e1ndwiches tandileros de fiambre, de bondiola y choripanes. El Foodtruck QUESO del Cl\u00faster Quesero, contar\u00e1 con los mejores platos en base a dicho producto. Tandilia y Quarryman estar\u00e1n presentes con todas sus variedades de cerveza artesanal. Gin Campo y Verm\u00fa Picapedrero presentar\u00e1n sus destacadas producciones locales.<\/p>\n<p>Para quienes deseen probar tragos y c\u00f3cteles de autor, se encontrar\u00e1 el espacio de Bar a cargo de 10 Onzas. Y para aquellos que prefieran las opciones dulces y cafeter\u00eda, 1823 ofrecer\u00e1 sus cl\u00e1sicos alfajores y caf\u00e9 durante todo el d\u00eda.\u00a0En el Patio tambi\u00e9n habr\u00e1 stands de venta de los productos identitarios de la ciudad.<\/p>\n<p>El Consejo de la Denominaci\u00f3n de Origen del Salame de Tandil (DOT) invita a conocer y degustar los diferentes chacinados de los productores.<\/p>\n<p>El Cluster Quesero, ofrecer\u00e1 quesos y dulce de leche de los productores asociados. Y el Grupo de Fraccionadores de Miel presentar\u00e1 las diferentes mieles de producci\u00f3n local.<\/p>\n<p>Adem\u00e1s de la variada propuesta gastron\u00f3mica, habr\u00e1 un espacio de juegos para chicos y grandes de la mano de Bots Snacks y Cagnoli.<\/p>\n<p>Por \u00faltimo, de la mano de la Direcci\u00f3n de Cultura Municipal se presentar\u00e1n en el escenario talentosos artistas locales a partir de las 16 horas todos los d\u00edas. La grilla de espect\u00e1culos es la siguiente:<\/p>\n<p>VIERNES 29<br \/>\n16:00 Triangulo Sin Bermudas<br \/>\n16:40 La Portada<br \/>\n17:20 Juan Carlos Banegas<br \/>\n18:00 Lobi<br \/>\n18:40 Guillermina Ballent<br \/>\n19:20 Booster<br \/>\n22:30 Pez Cuis<\/p>\n<p>S\u00c1BADO 30<br \/>\n16:00 Murga Reketupa<br \/>\n16:40 Sol Herrera<br \/>\n17:20 La Bambolera<br \/>\n18:00 Sinaloja 3<br \/>\n18:40 Trio Trixieland<br \/>\n19:20 Grupo Sanguineo<br \/>\n22:30 Mamelooks<\/p>\n<p>DOMINGO 31<br \/>\n16:00 Candela Ritcher<br \/>\n16:40 Wapos<br \/>\n17:20 Plan Roma<br \/>\n18:00 Duo Aranda<br \/>\n18:40 Nunca Escuche<br \/>\n19:20 Fuz<\/p>\n<p><strong>(vw)<\/strong><\/p>\n","protected":false},"excerpt":{"rendered":"<p>Desde las 10 de la ma\u00f1ana hasta la medianoche, los visitantes podr\u00e1n degustar una variedad exquisita de productos locales: salames, quesos, miel, cerveza artesanal.<\/p>\n","protected":false},"author":3,"featured_media":14087,"comment_status":"closed","ping_status":"closed","sticky":false,"template":"","format":"standard","meta":{"_monsterinsights_skip_tracking":false,"_monsterinsights_sitenote_active":false,"_monsterinsights_sitenote_note":"","_monsterinsights_sitenote_category":0,"footnotes":""},"categories":[1317],"tags":[2558,1164,2264,4630,5902,1409],"class_list":["post-14086","post","type-post","status-publish","format-standard","has-post-thumbnail","hentry","category-sabores-y-tendencias","tag-espectaculos","tag-patio","tag-quesos","tag-sabores","tag-salames","tag-tandil"],"_links":{"self":[{"href":"https:\/\/www.visionweb.com.ar\/index.php?rest_route=\/wp\/v2\/posts\/14086","targetHints":{"allow":["GET"]}}],"collection":[{"href":"https:\/\/www.visionweb.com.ar\/index.php?rest_route=\/wp\/v2\/posts"}],"about":[{"href":"https:\/\/www.visionweb.com.ar\/index.php?rest_route=\/wp\/v2\/types\/post"}],"author":[{"embeddable":true,"href":"https:\/\/www.visionweb.com.ar\/index.php?rest_route=\/wp\/v2\/users\/3"}],"replies":[{"embeddable":true,"href":"https:\/\/www.visionweb.com.ar\/index.php?rest_route=%2Fwp%2Fv2%2Fcomments&post=14086"}],"version-history":[{"count":2,"href":"https:\/\/www.visionweb.com.ar\/index.php?rest_route=\/wp\/v2\/posts\/14086\/revisions"}],"predecessor-version":[{"id":14089,"href":"https:\/\/www.visionweb.com.ar\/index.php?rest_route=\/wp\/v2\/posts\/14086\/revisions\/14089"}],"wp:featuredmedia":[{"embeddable":true,"href":"https:\/\/www.visionweb.com.ar\/index.php?rest_route=\/wp\/v2\/media\/14087"}],"wp:attachment":[{"href":"https:\/\/www.visionweb.com.ar\/index.php?rest_route=%2Fwp%2Fv2%2Fmedia&parent=14086"}],"wp:term":[{"taxonomy":"category","embeddable":true,"href":"https:\/\/www.visionweb.com.ar\/index.php?rest_route=%2Fwp%2Fv2%2Fcategories&post=14086"},{"taxonomy":"post_tag","embeddable":true,"href":"https:\/\/www.visionweb.com.ar\/index.php?rest_route=%2Fwp%2Fv2%2Ftags&post=14086"}],"curies":[{"name":"wp","href":"https:\/\/api.w.org\/{rel}","templated":true}]}}