{"id":14081,"date":"2024-03-29T09:17:21","date_gmt":"2024-03-29T12:17:21","guid":{"rendered":"https:\/\/www.visionweb.com.ar\/?p=14081"},"modified":"2024-03-29T09:17:21","modified_gmt":"2024-03-29T12:17:21","slug":"el-ministro-donofrio-pidio-a-nacion-extender-el-plazo-de-actualizacion-de-la-tarjeta-sube","status":"publish","type":"post","link":"https:\/\/www.visionweb.com.ar\/?p=14081","title":{"rendered":"El ministro D\u2019Onofrio pidi\u00f3 a Naci\u00f3n extender el plazo de actualizaci\u00f3n de la tarjeta SUBE"},"content":{"rendered":"<p><strong><em>El pedido del gobierno bonaerense tiene que ver con dificultades operativas para realizar la nominalizaci\u00f3n, y la cantidad de usuarios que necesitan concluir el tr\u00e1mite satisfactoriamente.<\/em><\/strong><!--more--><\/p>\n<p><strong> <img loading=\"lazy\" decoding=\"async\" class=\"size-medium wp-image-9791 alignright\" src=\"https:\/\/www.visionweb.com.ar\/wp-content\/uploads\/2023\/03\/colectivos-sube-300x274.jpg\" alt=\"\" width=\"300\" height=\"274\" srcset=\"https:\/\/www.visionweb.com.ar\/wp-content\/uploads\/2023\/03\/colectivos-sube-300x274.jpg 300w, https:\/\/www.visionweb.com.ar\/wp-content\/uploads\/2023\/03\/colectivos-sube.bmp 473w\" sizes=\"auto, (max-width: 300px) 100vw, 300px\" \/>\u00a0\u00a0 E<\/strong>l ministro de Transporte de la provincia de Buenos Aires, Jorge D\u2019Onofrio,\u00a0<strong>solicit\u00f3 a la Secretar\u00eda de Transporte de la Naci\u00f3n<\/strong>,\u00a0<strong>a cargo de Franco Mogetta, una pr\u00f3rroga del plazo de nominalizaci\u00f3n de la tarjeta SUBE<\/strong>\u00a0para los servicios de las l\u00edneas que operan en el \u00e1rea metropolitana de Buenos Aires (AMBA), con el objetivo de que las personas usuarias puedan culminar sin inconvenientes con el proceso.<\/p>\n<p>Cabe recordar que la fecha consignada es hasta el 1\u00ba de abril, y desde ese d\u00eda las tarjetas SUBE que no est\u00e9n registradas pagar\u00e1n el doble del boleto de colectivo y tren.<\/p>\n<p>El pedido del gobierno bonaerense\u00a0<strong>tiene que ver con las dificultades operativas de algunos medios\u00a0<\/strong>dispuestos por el Estado nacional para la realizaci\u00f3n del proceso, como sitios web y aplicaciones offline, <strong>l\u00edneas telef\u00f3nicas saturadas<\/strong>, Centros de Atenci\u00f3n y Unidades de gesti\u00f3n SUBE colapsadas, <strong>faltante de stock de tarjetas<\/strong> en redes de distribuci\u00f3n para la log\u00edstica de nominalizaci\u00f3n de tarjetas SUBE, entre otras, que <strong>dificultan a usuarios y usuarias la realizaci\u00f3n del tr\u00e1mite para acceder a la tarifa subsidiada<\/strong>.<\/p>\n<p>De esta manera, teniendo en cuenta que el plazo estipulado por Naci\u00f3n culmina el 1\u00ba de abril y que un gran n\u00famero de personas todav\u00eda tienen dificultades para concretar la nominalizaci\u00f3n de la tarjeta SUBE,\u00a0<strong>desde el Ministerio de Transporte de la Provincia de Buenos Aires que conduce Jorge D\u2019Onofrio se realiz\u00f3 el pedido oficial correspondiente,<\/strong>\u00a0para que se <strong>efect\u00fae una pr\u00f3rroga<\/strong> y garantizar as\u00ed el acceso al sistema de tarifas subsidiadas a quienes utilicen los servicios del AMBA.<\/p>\n<p>C\u00f3mo realizar el tr\u00e1mite:<\/p>\n<p>Todas aquellas personas que a\u00fan no hayan registrado su tarjeta SUBE, pueden hacerlo de forma virtual, a trav\u00e9s de la p\u00e1gina web argentina.gob.ar\/SUBE opci\u00f3n\u00a0<strong>\u201cRegistrala\u201d,<\/strong>\u00a0o bien desde la\u00a0<strong>app SUBE<\/strong>\u00a0(disponible para tel\u00e9fonos con sistema operativo Android 6 o superior y tecnolog\u00eda NFC) o llamando al\u00a0<strong>0800-777- 7823 (opci\u00f3n 3) de lunes a viernes de 8 a 20 horas.<\/strong>\u00a0Otra opci\u00f3n es enviando un\u00a0<strong>mensaje de WhatsApp<\/strong>\u00a0al Chatbot SUBi 1166777823.<\/p>\n<p>Para finalizar el proceso de registro<strong>\u00a0es importante completar el \u00faltimo paso, que consiste simplemente en apoyar la tarjeta en una Terminal Autom\u00e1tica o en la parte trasera del tel\u00e9fono con la aplicaci\u00f3n SUBE,<\/strong>\u00a0seleccionando\u00a0<strong>\u201cAcreditar o consultar\u201d y luego \u201cVer saldo\u201d.<\/strong><\/p>\n<p>Quienes prefieran\u00a0<strong>registrar la tarjeta de forma presencial<\/strong>\u00a0pueden obtener y registrar la SUBE con su DNI vigente, en los operativos territoriales que se est\u00e1n realizando de lunes a viernes de 9 a 14 horas en las estaciones de trenes de Once, Moreno y Tigre. Tambi\u00e9n se puede registrar la tarjeta en las\u00a0<strong>Unidades de Gesti\u00f3n SUBE (UGS<\/strong>).<\/p>\n<p>A trav\u00e9s de este\u00a0<a href=\"https:\/\/tarjetasube.sube.gob.ar\/subeweb\/WebForms\/admin\/views\/mapa-sube.aspx?id=3\">enlace<\/a>\u00a0se puede consultar cu\u00e1l es la terminal m\u00e1s cercana al domicilio para realizar el registro en forma presencial. Las tarifas vigentes son de $270 para colectivos y $130 para trenes. En caso de no haber registrado la SUBE, a partir del 1\u00ba de abril el boleto de colectivo pasar\u00e1 a costar $430 y el de tren $420. <strong>(VW)<\/strong><\/p>\n","protected":false},"excerpt":{"rendered":"<p>El pedido del gobierno bonaerense tiene que ver con dificultades operativas para realizar la nominalizaci\u00f3n, y la cantidad de usuarios que necesitan concluir el tr\u00e1mite satisfactoriamente.<\/p>\n","protected":false},"author":4,"featured_media":9791,"comment_status":"closed","ping_status":"closed","sticky":false,"template":"","format":"standard","meta":{"_monsterinsights_skip_tracking":false,"_monsterinsights_sitenote_active":false,"_monsterinsights_sitenote_note":"","_monsterinsights_sitenote_category":0,"footnotes":""},"categories":[8,5],"tags":[4779,5898,5899,2543],"class_list":["post-14081","post","type-post","status-publish","format-standard","has-post-thumbnail","hentry","category-interes-general","category-sociedad","tag-jorge-donofrio","tag-ministro-de-transporte-provincia","tag-pedido-de-extension-del-plazo","tag-tarjeta-sube"],"_links":{"self":[{"href":"https:\/\/www.visionweb.com.ar\/index.php?rest_route=\/wp\/v2\/posts\/14081","targetHints":{"allow":["GET"]}}],"collection":[{"href":"https:\/\/www.visionweb.com.ar\/index.php?rest_route=\/wp\/v2\/posts"}],"about":[{"href":"https:\/\/www.visionweb.com.ar\/index.php?rest_route=\/wp\/v2\/types\/post"}],"author":[{"embeddable":true,"href":"https:\/\/www.visionweb.com.ar\/index.php?rest_route=\/wp\/v2\/users\/4"}],"replies":[{"embeddable":true,"href":"https:\/\/www.visionweb.com.ar\/index.php?rest_route=%2Fwp%2Fv2%2Fcomments&post=14081"}],"version-history":[{"count":1,"href":"https:\/\/www.visionweb.com.ar\/index.php?rest_route=\/wp\/v2\/posts\/14081\/revisions"}],"predecessor-version":[{"id":14082,"href":"https:\/\/www.visionweb.com.ar\/index.php?rest_route=\/wp\/v2\/posts\/14081\/revisions\/14082"}],"wp:featuredmedia":[{"embeddable":true,"href":"https:\/\/www.visionweb.com.ar\/index.php?rest_route=\/wp\/v2\/media\/9791"}],"wp:attachment":[{"href":"https:\/\/www.visionweb.com.ar\/index.php?rest_route=%2Fwp%2Fv2%2Fmedia&parent=14081"}],"wp:term":[{"taxonomy":"category","embeddable":true,"href":"https:\/\/www.visionweb.com.ar\/index.php?rest_route=%2Fwp%2Fv2%2Fcategories&post=14081"},{"taxonomy":"post_tag","embeddable":true,"href":"https:\/\/www.visionweb.com.ar\/index.php?rest_route=%2Fwp%2Fv2%2Ftags&post=14081"}],"curies":[{"name":"wp","href":"https:\/\/api.w.org\/{rel}","templated":true}]}}