{"id":14078,"date":"2024-03-29T09:02:56","date_gmt":"2024-03-29T12:02:56","guid":{"rendered":"https:\/\/www.visionweb.com.ar\/?p=14078"},"modified":"2024-03-29T09:02:56","modified_gmt":"2024-03-29T12:02:56","slug":"semana-azul-una-iniciativa-que-busca-visibilizar-el-autismo","status":"publish","type":"post","link":"https:\/\/www.visionweb.com.ar\/?p=14078","title":{"rendered":"Semana Azul: una iniciativa que busca visibilizar el autismo"},"content":{"rendered":"<p><em><strong>Se acerca el D\u00eda Mundial de Concientizaci\u00f3n sobre el Autismo, y en los d\u00edas previos se lleva a cabo toda una semana de di\u00e1logo sobre una problem\u00e1tica que se conoce a\u00f1o tras a\u00f1o.<\/strong><\/em><!--more--><\/p>\n<p><strong><img loading=\"lazy\" decoding=\"async\" class=\"size-medium wp-image-14079 alignright\" src=\"https:\/\/www.visionweb.com.ar\/wp-content\/uploads\/2024\/03\/Semana-Azul-300x131.png\" alt=\"\" width=\"300\" height=\"131\" srcset=\"https:\/\/www.visionweb.com.ar\/wp-content\/uploads\/2024\/03\/Semana-Azul-300x131.png 300w, https:\/\/www.visionweb.com.ar\/wp-content\/uploads\/2024\/03\/Semana-Azul.png 600w\" sizes=\"auto, (max-width: 300px) 100vw, 300px\" \/>\u00a0 La Semana Azul<\/strong>, ya comenz\u00f3 y se trata de una iniciativa para promover la consigna\u00a0<strong>#hablemosdeautismo<\/strong>\u00a0en las conversaciones sociales, ser\u00e1 hasta el 2 de abril que es el\u00a0<strong>D\u00eda Mundial de Concientizaci\u00f3n sobre el Autismo<\/strong>. La actividad no s\u00f3lo es sin fines de lucro, sino que no involucra dinero.<\/p>\n<p>La semana azul y es una iniciativa generada por m\u00e1s de 500 voluntarios y representantes de distintas ONGs, empresas, gobiernos y medios de comunicaci\u00f3n que buscan aprovechar la seguidilla de seis d\u00edas feriados consecutivos para ganar espacios en medio de comunicaci\u00f3n y hablar de autismo una problem\u00e1tica que crece y,\u00a0<strong>seg\u00fan prevalencias internacionales, afecta a uno de cada 36 ni\u00f1os que tiene diagn\u00f3stico de Trastorno del Espectro Autista\u00a0<\/strong>(TEA ).<\/p>\n<p><a href=\"https:\/\/semanaazul.org\/\">Semana Azul<\/a>\u00a0cuenta con una\u00a0<strong>multiplataforma digital con p\u00e1gina web y redes sociales\u00a0<\/strong>para potenciar las actividades que moviliza el autismo en estos d\u00edas y en la que cada ONG, gobierno, empresa o ciudadano\u00a0<strong>pueda cargar su propia actividad y darla a conocer<\/strong>\u00a0para que el p\u00fablico pueda participar.<\/p>\n<p>De este modo y sin organizar actividades, pone a disposici\u00f3n su tecnolog\u00eda\u00a0<strong>para potenciar las que ya existen y promover que se hagan muchas m\u00e1s y, al mismo tiempo, las m\u00e1s relevantes o llamativas puedan contar con cobertura<\/strong>\u00a0medi\u00e1tica y participaci\u00f3n ciudadana.<\/p>\n<p>Algunas de las actividades que se llevan adelante son:<\/p>\n<ul>\n<li><strong>Bicicleteada \u201cTour Azul\u201d\u00a0<\/strong>organizada por <strong>Empujando L\u00edmites<\/strong>. Se present\u00f3 ayer jueves 28 a las 18 en el Patin\u00f3dromo Municipal de Mar Del Plata. Se larga este viernes, har\u00e1n distintas etapas y llegar\u00e1n a Buenos Aires el martes 2 de abril para participar y apoyar los actos que se realizan ese d\u00eda.<\/li>\n<li><strong>Acto de TGD Padres TEA Grupo Promotor<\/strong>. Tradicional e hist\u00f3rico acto que representa a muchas familias del autismo. Este a\u00f1o ser\u00e1 en Plaza Vaticano, al lado del Teatro Col\u00f3n, el 2 de abril y comenzar\u00e1 a las 15. Participan otras ONGs como Empujando L\u00edmites, TEActiva y APAdeA. Y dar\u00e1 un recital la banda Iv\u00e1n y sus amigos liderada por Iv\u00e1n Demirci, un joven con autismo, entre muchas otras actividades.<\/li>\n<li><strong>Iluminaci\u00f3n\u00a0<\/strong>de edificios hist\u00f3ricos y emblem\u00e1ticos como el Obelisco, Monumento a los espa\u00f1oles, Plaza de mayo, Puente de la mujer y Planetario, entre otros<\/li>\n<li><strong>Actos simb\u00f3licos\u00a0<\/strong>en estadios de f\u00fatbol.<\/li>\n<li><strong>Cambios del color\u00a0<\/strong>de logos de empresas a azul.<\/li>\n<\/ul>\n<p>En 2000, la prevalencia de los casos era de 1 en 150, lo que muestra un crecimiento del 317% en 20 a\u00f1os que hace que\u00a0<strong>algunos cient\u00edficos definan esta situaci\u00f3n como pand\u00e9mica. (VW)<\/strong><\/p>\n<p>&nbsp;<\/p>\n","protected":false},"excerpt":{"rendered":"<p>Se acerca el D\u00eda Mundial de Concientizaci\u00f3n sobre el Autismo, y en los d\u00edas previos se lleva a cabo toda una semana de di\u00e1logo sobre una problem\u00e1tica que se conoce a\u00f1o tras a\u00f1o.<\/p>\n","protected":false},"author":4,"featured_media":14079,"comment_status":"closed","ping_status":"closed","sticky":false,"template":"","format":"standard","meta":{"_monsterinsights_skip_tracking":false,"_monsterinsights_sitenote_active":false,"_monsterinsights_sitenote_note":"","_monsterinsights_sitenote_category":0,"footnotes":""},"categories":[8,5],"tags":[3070,5897,3104],"class_list":["post-14078","post","type-post","status-publish","format-standard","has-post-thumbnail","hentry","category-interes-general","category-sociedad","tag-autismo","tag-semana-azul","tag-tea"],"_links":{"self":[{"href":"https:\/\/www.visionweb.com.ar\/index.php?rest_route=\/wp\/v2\/posts\/14078","targetHints":{"allow":["GET"]}}],"collection":[{"href":"https:\/\/www.visionweb.com.ar\/index.php?rest_route=\/wp\/v2\/posts"}],"about":[{"href":"https:\/\/www.visionweb.com.ar\/index.php?rest_route=\/wp\/v2\/types\/post"}],"author":[{"embeddable":true,"href":"https:\/\/www.visionweb.com.ar\/index.php?rest_route=\/wp\/v2\/users\/4"}],"replies":[{"embeddable":true,"href":"https:\/\/www.visionweb.com.ar\/index.php?rest_route=%2Fwp%2Fv2%2Fcomments&post=14078"}],"version-history":[{"count":1,"href":"https:\/\/www.visionweb.com.ar\/index.php?rest_route=\/wp\/v2\/posts\/14078\/revisions"}],"predecessor-version":[{"id":14080,"href":"https:\/\/www.visionweb.com.ar\/index.php?rest_route=\/wp\/v2\/posts\/14078\/revisions\/14080"}],"wp:featuredmedia":[{"embeddable":true,"href":"https:\/\/www.visionweb.com.ar\/index.php?rest_route=\/wp\/v2\/media\/14079"}],"wp:attachment":[{"href":"https:\/\/www.visionweb.com.ar\/index.php?rest_route=%2Fwp%2Fv2%2Fmedia&parent=14078"}],"wp:term":[{"taxonomy":"category","embeddable":true,"href":"https:\/\/www.visionweb.com.ar\/index.php?rest_route=%2Fwp%2Fv2%2Fcategories&post=14078"},{"taxonomy":"post_tag","embeddable":true,"href":"https:\/\/www.visionweb.com.ar\/index.php?rest_route=%2Fwp%2Fv2%2Ftags&post=14078"}],"curies":[{"name":"wp","href":"https:\/\/api.w.org\/{rel}","templated":true}]}}