{"id":14075,"date":"2024-03-28T08:49:31","date_gmt":"2024-03-28T11:49:31","guid":{"rendered":"https:\/\/www.visionweb.com.ar\/?p=14075"},"modified":"2024-03-28T08:49:31","modified_gmt":"2024-03-28T11:49:31","slug":"indec-la-pobreza-alcanzo-al-417-en-el-segundo-semestre-de-2023","status":"publish","type":"post","link":"https:\/\/www.visionweb.com.ar\/?p=14075","title":{"rendered":"Indec: La pobreza alcanz\u00f3 al 41,7% en el segundo semestre de 2023"},"content":{"rendered":"<p><strong><em>Los datos son a diciembre, pero hoy ya supera el 50%. <\/em><em>Las cifras surgen de la Encuesta Permanente de Hogares, llevada a cabo en 31 aglomerados urbanos. La pobreza fue de 58,4% entre menores de 15 a\u00f1os.\u00a0<\/em><\/strong><!--more--><\/p>\n<p><img loading=\"lazy\" decoding=\"async\" class=\"size-medium wp-image-14076 alignright\" src=\"https:\/\/www.visionweb.com.ar\/wp-content\/uploads\/2024\/03\/Indec-pobreza-270x300.png\" alt=\"\" width=\"270\" height=\"300\" srcset=\"https:\/\/www.visionweb.com.ar\/wp-content\/uploads\/2024\/03\/Indec-pobreza-270x300.png 270w, https:\/\/www.visionweb.com.ar\/wp-content\/uploads\/2024\/03\/Indec-pobreza.png 446w\" sizes=\"auto, (max-width: 270px) 100vw, 270px\" \/>\u00a0\u00a0 <strong>E<\/strong>l\u00a0<strong>Instituto Nacional de Estad\u00edstica y Censos (Indec)<\/strong>, public\u00f3 ayer los datos de pobreza, que alcanz\u00f3 al 41,7% de las personas y al 31,8% de los hogares en el segundo semestre de 2023, y seg\u00fan el informe, en comparaci\u00f3n con el primer semestre de 2023,\u00a0<strong>la pobreza y la indigencia aumentaron en la segunda mitad del a\u00f1o pasado en todas las regiones del pa\u00eds.<\/strong><\/p>\n<p>Las cifras surgen de la Encuesta Permanente de Hogares, llevada a cabo en 31 aglomerados urbanos, que alcanz\u00f3 a 29,5 millones de personas.<\/p>\n<p>De acuerdo a la sistematizaci\u00f3n de los datos, hasta diciembre de 2023 hab\u00eda\u00a0<strong>12,3 millones de personas en situaci\u00f3n de pobreza<\/strong>,\u00a0<strong>8,8 millones de pobres no indigentes y 3,5 millones de personas en situaci\u00f3n de indigencia.<\/strong><\/p>\n<p>La\u00a0<strong>incidencia de la pobreza<\/strong>\u00a0respecto al primer semestre de 2023 registr\u00f3 una suba\u00a0<strong>tanto en los hogares como en las personas<\/strong>, de 2,2 y 1,6 puntos porcentuales, respectivamente.<\/p>\n<p><strong>En el caso de la indigencia<\/strong>, mostr\u00f3 un aumento de 1,9 puntos porcentuales en hogares y de 2,6 puntos porcentuales en las personas.<\/p>\n<p>Teniendo en cuenta que\u00a0<strong>la brecha de la pobreza es la distancia entre los ingresos y las canastas de los hogares pobres<\/strong>, el informe indic\u00f3 que la brecha de la pobreza de los hogares\u00a0<strong>se ubic\u00f3 en 39,2%<\/strong>.<\/p>\n<p>El ingreso total familiar promedio de los hogares pobres fue de $211.184, mientras que la Canasta B\u00e1sica Total (CBT) promedio del mismo grupo de hogares alcanz\u00f3 $347.082. La distancia entre los ingresos de los hogares pobres y la CBT\u00a0<strong>aument\u00f3 respecto del primer semestre de 2023.<\/strong><\/p>\n<p><strong><img loading=\"lazy\" decoding=\"async\" class=\"size-full wp-image-3339 alignleft\" src=\"https:\/\/www.visionweb.com.ar\/wp-content\/uploads\/2021\/11\/caba-panoramica-pobreza.bmp\" alt=\"\" width=\"573\" height=\"316\" \/>Los datos por regiones:<\/strong><\/p>\n<p>La regi\u00f3n con mayor incidencia de la pobreza en personas durante el segundo semestre de 2023\u00a0<strong>fue el Noreste\u00a0<\/strong>(48,4%); y la de menor, la\u00a0<strong>Patagonia<\/strong>\u00a0(36,5%).<\/p>\n<p>En tanto, teniendo en cuenta\u00a0<strong>el impacto en los distritos bonaerenses<\/strong>, el\u00a0<strong>Gran Buenos Aires<\/strong>\u00a0alcanz\u00f3 un nivel de pobreza del 41% y la regi\u00f3n\u00a0<strong>Pampeana,<\/strong>\u00a0del 40%. Entre las localidades detalladas con mayor cantidad de hogares pobres se encuentran San Nicol\u00e1s, 46,7%; Gran La Plata, 44,2%; Mar del Plata, 37,7%; y Bah\u00eda Blanca, 35,2%.<\/p>\n<p>En el <strong>desagregado por edad<\/strong>, en segundo semestre de 2023,<strong>\u00a0la pobreza fue de 58,4% entre menores de 15 a\u00f1os;<\/strong>\u00a0de 47% en personas de 15 a 29; de 36,8% en las de 30 a 64; y de 17,6% en mayores de 65 a\u00f1os. De esta forma,\u00a0<strong>la pobreza infantil cerr\u00f3 el a\u00f1o en cerca del 60%,<\/strong>\u00a0cifra que habr\u00e1 que verificar y contrastar con lo que va de 2024.<\/p>\n<p>En los\u00a0<strong>aglomerados de 500.000 y m\u00e1s habitantes\u00a0<\/strong>se observ\u00f3 un aumento de la pobreza de 1,1 puntos porcentuales respecto al primer semestre de 2023, en tanto\u00a0<strong>en los aglomerados de menos de 500.000 el incremento es de 3,9\u00a0<\/strong>puntos porcentuales. <strong>(VW)<\/strong><\/p>\n","protected":false},"excerpt":{"rendered":"<p>Los datos son a diciembre, pero hoy ya supera el 50%. Las cifras surgen de la Encuesta Permanente de Hogares, llevada a cabo en 31 aglomerados urbanos. La pobreza fue de 58,4% entre menores&#46;&#46;&#46;<\/p>\n","protected":false},"author":4,"featured_media":3339,"comment_status":"closed","ping_status":"closed","sticky":false,"template":"","format":"standard","meta":{"_monsterinsights_skip_tracking":false,"_monsterinsights_sitenote_active":false,"_monsterinsights_sitenote_note":"","_monsterinsights_sitenote_category":0,"footnotes":""},"categories":[6,5],"tags":[75,5896,5895],"class_list":["post-14075","post","type-post","status-publish","format-standard","has-post-thumbnail","hentry","category-economia","category-sociedad","tag-indec","tag-pobreza-58-4-en-menores","tag-pobreza-a-diciembre-2023"],"_links":{"self":[{"href":"https:\/\/www.visionweb.com.ar\/index.php?rest_route=\/wp\/v2\/posts\/14075","targetHints":{"allow":["GET"]}}],"collection":[{"href":"https:\/\/www.visionweb.com.ar\/index.php?rest_route=\/wp\/v2\/posts"}],"about":[{"href":"https:\/\/www.visionweb.com.ar\/index.php?rest_route=\/wp\/v2\/types\/post"}],"author":[{"embeddable":true,"href":"https:\/\/www.visionweb.com.ar\/index.php?rest_route=\/wp\/v2\/users\/4"}],"replies":[{"embeddable":true,"href":"https:\/\/www.visionweb.com.ar\/index.php?rest_route=%2Fwp%2Fv2%2Fcomments&post=14075"}],"version-history":[{"count":1,"href":"https:\/\/www.visionweb.com.ar\/index.php?rest_route=\/wp\/v2\/posts\/14075\/revisions"}],"predecessor-version":[{"id":14077,"href":"https:\/\/www.visionweb.com.ar\/index.php?rest_route=\/wp\/v2\/posts\/14075\/revisions\/14077"}],"wp:featuredmedia":[{"embeddable":true,"href":"https:\/\/www.visionweb.com.ar\/index.php?rest_route=\/wp\/v2\/media\/3339"}],"wp:attachment":[{"href":"https:\/\/www.visionweb.com.ar\/index.php?rest_route=%2Fwp%2Fv2%2Fmedia&parent=14075"}],"wp:term":[{"taxonomy":"category","embeddable":true,"href":"https:\/\/www.visionweb.com.ar\/index.php?rest_route=%2Fwp%2Fv2%2Fcategories&post=14075"},{"taxonomy":"post_tag","embeddable":true,"href":"https:\/\/www.visionweb.com.ar\/index.php?rest_route=%2Fwp%2Fv2%2Ftags&post=14075"}],"curies":[{"name":"wp","href":"https:\/\/api.w.org\/{rel}","templated":true}]}}