{"id":14069,"date":"2024-03-28T08:30:54","date_gmt":"2024-03-28T11:30:54","guid":{"rendered":"https:\/\/www.visionweb.com.ar\/?p=14069"},"modified":"2024-03-28T08:31:47","modified_gmt":"2024-03-28T11:31:47","slug":"emplazan-un-busto-de-raul-alfonsin-en-los-jardines-del-municipio-de-lanus","status":"publish","type":"post","link":"https:\/\/www.visionweb.com.ar\/?p=14069","title":{"rendered":"Emplazan un busto de Ra\u00fal Alfons\u00edn en los jardines del municipio de Lan\u00fas"},"content":{"rendered":"<p><strong><em>Donado por la UCR, el presidente del Bloque Radical, Emiliano Bursese, junto al intendente, Juli\u00e1n ALvarez\u00a0 descubrieron el busto.<\/em><\/strong>\u00a0 <!--more--><\/p>\n<div id=\"attachment_14071\" style=\"width: 310px\" class=\"wp-caption alignright\"><img loading=\"lazy\" decoding=\"async\" aria-describedby=\"caption-attachment-14071\" class=\"wp-image-14071 size-medium\" src=\"https:\/\/www.visionweb.com.ar\/wp-content\/uploads\/2024\/03\/BUSTO-DE-ALFONISN-300x167.png\" alt=\"\" width=\"300\" height=\"167\" srcset=\"https:\/\/www.visionweb.com.ar\/wp-content\/uploads\/2024\/03\/BUSTO-DE-ALFONISN-300x167.png 300w, https:\/\/www.visionweb.com.ar\/wp-content\/uploads\/2024\/03\/BUSTO-DE-ALFONISN.png 640w\" sizes=\"auto, (max-width: 300px) 100vw, 300px\" \/><p id=\"caption-attachment-14071\" class=\"wp-caption-text\">El intendente Juli\u00e1n Alvarez, junto al presidente del bloque Radical, Emiliano Bursese, descubren el bvusto de Alfons\u00edn (imagen, gentileza E. Bursese)<\/p><\/div>\n<p>En el marco del D\u00eda de la Memoria por la Verdad y la Justicia, el jard\u00edn del palacio municipal de\u00a0 Lan\u00fas fue el sitio elegido por el Concejo Deliberante para emplazar el busto donado por el radicalismo local <strong>en honor al exPresidente Ra\u00fal Alfons\u00edn, quien, cre\u00f3 la Conadep e impuls\u00f3 el juicio a las juntas militares\u00a0<\/strong>que asolaron a la Argentina durante la dictadura.<\/p>\n<p>El busto fue descubierto entre aplausos durante un acto que cont\u00f3, adem\u00e1s, de con la presencia del intendente Juli\u00e1n \u00c1lvarez, de funcionarios del Ejecutivo Municipal, concejales, legisladores y referentes de otros espacios pol\u00edticos.<\/p>\n<p>En el acto, el presidente del bloque de Concejales de la Uni\u00f3n C\u00edvica Radical, Emiliano Bursese, resalt\u00f3 la <strong>importancia de Alfons\u00edn\u00a0<\/strong>en tiempos en que \u201ccon mesianismo y discursos negacionistas se agita la bandera de una libertad de palabra, que no es realmente puesta en practica. Es, parafraseando a Alfons\u00edn<strong>, \u2018La libertad del zorro libre, en el gallinero libre, para comerse con libertad las gallinas libres\u2019<\/strong>\u201d.<\/p>\n<p>Asimismo resalt\u00f3 que \u201cen momento de incertidumbre como el que estamos viviendo,\u00a0<strong>Alfons\u00edn emerge como un faro y una gu\u00eda para saber a d\u00f3nde tenemos que ir\u00a0<\/strong>y hacia d\u00f3nde no debemos retroceder\u201d.<\/p>\n<p>Por su parte, el jefe comunal subray\u00f3: \u201cJunto al presidente del bloque de UCR, Emiliano Bursese, esta ma\u00f1ana descubrimos el busto de Ra\u00fal Alfons\u00edn en los jardines del Palacio Municipal.\u00a0<strong>Recordamos su labor y reconocemos su lucha incansable por la democracia\u00a0<\/strong>y la uni\u00f3n de las y los argentinos\u201d<strong>(VW)<\/strong>.<\/p>\n","protected":false},"excerpt":{"rendered":"<p>Donado por la UCR, el presidente del Bloque Radical, Emiliano Bursese, junto al intendente, Juli\u00e1n ALvarez\u00a0 descubrieron el busto.\u00a0<\/p>\n","protected":false},"author":3,"featured_media":14071,"comment_status":"closed","ping_status":"closed","sticky":false,"template":"","format":"standard","meta":{"_monsterinsights_skip_tracking":false,"_monsterinsights_sitenote_active":false,"_monsterinsights_sitenote_note":"","_monsterinsights_sitenote_category":0,"footnotes":""},"categories":[3],"tags":[5891,3307,5892,5890,19],"class_list":["post-14069","post","type-post","status-publish","format-standard","has-post-thumbnail","hentry","category-actualidad","tag-alavarez","tag-alfonsin","tag-bursese","tag-busto","tag-lanus"],"_links":{"self":[{"href":"https:\/\/www.visionweb.com.ar\/index.php?rest_route=\/wp\/v2\/posts\/14069","targetHints":{"allow":["GET"]}}],"collection":[{"href":"https:\/\/www.visionweb.com.ar\/index.php?rest_route=\/wp\/v2\/posts"}],"about":[{"href":"https:\/\/www.visionweb.com.ar\/index.php?rest_route=\/wp\/v2\/types\/post"}],"author":[{"embeddable":true,"href":"https:\/\/www.visionweb.com.ar\/index.php?rest_route=\/wp\/v2\/users\/3"}],"replies":[{"embeddable":true,"href":"https:\/\/www.visionweb.com.ar\/index.php?rest_route=%2Fwp%2Fv2%2Fcomments&post=14069"}],"version-history":[{"count":1,"href":"https:\/\/www.visionweb.com.ar\/index.php?rest_route=\/wp\/v2\/posts\/14069\/revisions"}],"predecessor-version":[{"id":14072,"href":"https:\/\/www.visionweb.com.ar\/index.php?rest_route=\/wp\/v2\/posts\/14069\/revisions\/14072"}],"wp:featuredmedia":[{"embeddable":true,"href":"https:\/\/www.visionweb.com.ar\/index.php?rest_route=\/wp\/v2\/media\/14071"}],"wp:attachment":[{"href":"https:\/\/www.visionweb.com.ar\/index.php?rest_route=%2Fwp%2Fv2%2Fmedia&parent=14069"}],"wp:term":[{"taxonomy":"category","embeddable":true,"href":"https:\/\/www.visionweb.com.ar\/index.php?rest_route=%2Fwp%2Fv2%2Fcategories&post=14069"},{"taxonomy":"post_tag","embeddable":true,"href":"https:\/\/www.visionweb.com.ar\/index.php?rest_route=%2Fwp%2Fv2%2Ftags&post=14069"}],"curies":[{"name":"wp","href":"https:\/\/api.w.org\/{rel}","templated":true}]}}