{"id":14057,"date":"2024-03-27T12:18:28","date_gmt":"2024-03-27T15:18:28","guid":{"rendered":"https:\/\/www.visionweb.com.ar\/?p=14057"},"modified":"2024-03-27T12:18:28","modified_gmt":"2024-03-27T15:18:28","slug":"el-gobierno-anuncio-que-cambiara-el-nombre-del-centro-cultural-kirchner","status":"publish","type":"post","link":"https:\/\/www.visionweb.com.ar\/?p=14057","title":{"rendered":"El Gobierno anunci\u00f3 que cambiar\u00e1 el nombre del Centro Cultural Kirchner"},"content":{"rendered":"<p><strong><em>Lo inform\u00f3 el vocero presidencial, aunque a\u00fan no decidieron el nuevo nombre.<\/em><\/strong><!--more--><\/p>\n<div id=\"attachment_14058\" style=\"width: 310px\" class=\"wp-caption alignright\"><img loading=\"lazy\" decoding=\"async\" aria-describedby=\"caption-attachment-14058\" class=\"wp-image-14058 size-medium\" src=\"https:\/\/www.visionweb.com.ar\/wp-content\/uploads\/2024\/03\/Correo-Central-300x186.png\" alt=\"\" width=\"300\" height=\"186\" srcset=\"https:\/\/www.visionweb.com.ar\/wp-content\/uploads\/2024\/03\/Correo-Central-300x186.png 300w, https:\/\/www.visionweb.com.ar\/wp-content\/uploads\/2024\/03\/Correo-Central.png 513w\" sizes=\"auto, (max-width: 300px) 100vw, 300px\" \/><p id=\"caption-attachment-14058\" class=\"wp-caption-text\">Edificio del Palacio del Correo Central ser\u00e1 rebautizado<\/p><\/div>\n<p><strong>\u00a0\u00a0\u00a0 E<\/strong>l Gobierno confirm\u00f3 ayer que le <strong>cambiar\u00e1 el nombre al Centro Cultural Kirchner<\/strong> (CCK), y se trata de un <strong>Monumento Hist\u00f3rico Nacional desde 1997<\/strong>, el antiguo Palacio del Correo que se encuentra emplazado a metros de la Casa Rosada.<\/p>\n<p>As\u00ed lo anunci\u00f3 el vocero presidencial, Manuel Adorni, el martes en su tradicional conferencia de prensa. \u201cSe ha decidido finalmente cambiar el nombre del Centro Cultural Kirchner, as\u00ed que dejar\u00e1 de llamarse como tal y efectivamente se le dar\u00e1 paso a un nuevo nombre\u201d, sostuvo el portavoz del presidente Javier Milei.<\/p>\n<p>Si bien confirm\u00f3 el cambio de nombre, dijo que a\u00fan no decidieron c\u00f3mo se llamar\u00e1. \u201cLo cierto es que no est\u00e1 definido el nuevo nombre. <strong>Cuando lo definamos, se los vamos a comunicar<\/strong>. Pero bueno, la decisi\u00f3n est\u00e1 tomada en virtud de que no exista m\u00e1s como tal\u201d, indic\u00f3.<\/p>\n<p>El <strong>Centro Cultural Kirchner (CCK)<\/strong> fue inaugurado en mayo de 2015 por la entonces presidente Cristina Fern\u00e1ndez Kirchner, quien cont\u00f3 en ese momento que esa obra de refacci\u00f3n del Palacio del Correo hab\u00eda sido un sue\u00f1o de N\u00e9stor Kirchner.<\/p>\n<p>Durante la administraci\u00f3n macrista, en tanto, el cambio de nombre del CCK son\u00f3 en varias oportunidades, pero nunca se efectiviz\u00f3. Incluso, las versiones generaron tanto revuelo que el por entonces titular del Sistema Federal de Medios P\u00fablicos, Hern\u00e1n Lombardi, aclar\u00f3 que la iniciativa que buscaba rebautizar el edificio como Gustavo Cerati no hab\u00eda surgido del Gobierno.<\/p>\n<p>No obstante, en el marco de esa pol\u00e9mica, el macrismo lleg\u00f3 a presentar en el Congreso un proyecto para que <strong>no se pueda poner nombres de personas a los edificios p\u00fablicos hasta que no hayan pasado 20 a\u00f1os de su muerte<\/strong>. <strong>(VW)<\/strong><\/p>\n","protected":false},"excerpt":{"rendered":"<p>Lo inform\u00f3 el vocero presidencial, aunque a\u00fan no decidieron el nuevo nombre.<\/p>\n","protected":false},"author":4,"featured_media":14058,"comment_status":"closed","ping_status":"closed","sticky":false,"template":"","format":"standard","meta":{"_monsterinsights_skip_tracking":false,"_monsterinsights_sitenote_active":false,"_monsterinsights_sitenote_note":"","_monsterinsights_sitenote_category":0,"footnotes":""},"categories":[8,4],"tags":[5402,5884,5532,5883],"class_list":["post-14057","post","type-post","status-publish","format-standard","has-post-thumbnail","hentry","category-interes-general","category-politica","tag-adorni","tag-cambio-de-nombre","tag-cck","tag-centro-cultural-nestor-kirchner"],"_links":{"self":[{"href":"https:\/\/www.visionweb.com.ar\/index.php?rest_route=\/wp\/v2\/posts\/14057","targetHints":{"allow":["GET"]}}],"collection":[{"href":"https:\/\/www.visionweb.com.ar\/index.php?rest_route=\/wp\/v2\/posts"}],"about":[{"href":"https:\/\/www.visionweb.com.ar\/index.php?rest_route=\/wp\/v2\/types\/post"}],"author":[{"embeddable":true,"href":"https:\/\/www.visionweb.com.ar\/index.php?rest_route=\/wp\/v2\/users\/4"}],"replies":[{"embeddable":true,"href":"https:\/\/www.visionweb.com.ar\/index.php?rest_route=%2Fwp%2Fv2%2Fcomments&post=14057"}],"version-history":[{"count":1,"href":"https:\/\/www.visionweb.com.ar\/index.php?rest_route=\/wp\/v2\/posts\/14057\/revisions"}],"predecessor-version":[{"id":14059,"href":"https:\/\/www.visionweb.com.ar\/index.php?rest_route=\/wp\/v2\/posts\/14057\/revisions\/14059"}],"wp:featuredmedia":[{"embeddable":true,"href":"https:\/\/www.visionweb.com.ar\/index.php?rest_route=\/wp\/v2\/media\/14058"}],"wp:attachment":[{"href":"https:\/\/www.visionweb.com.ar\/index.php?rest_route=%2Fwp%2Fv2%2Fmedia&parent=14057"}],"wp:term":[{"taxonomy":"category","embeddable":true,"href":"https:\/\/www.visionweb.com.ar\/index.php?rest_route=%2Fwp%2Fv2%2Fcategories&post=14057"},{"taxonomy":"post_tag","embeddable":true,"href":"https:\/\/www.visionweb.com.ar\/index.php?rest_route=%2Fwp%2Fv2%2Ftags&post=14057"}],"curies":[{"name":"wp","href":"https:\/\/api.w.org\/{rel}","templated":true}]}}