{"id":14052,"date":"2024-03-27T12:00:19","date_gmt":"2024-03-27T15:00:19","guid":{"rendered":"https:\/\/www.visionweb.com.ar\/?p=14052"},"modified":"2024-03-27T12:00:19","modified_gmt":"2024-03-27T15:00:19","slug":"ate-anuncio-un-paro-para-la-semana-proxima","status":"publish","type":"post","link":"https:\/\/www.visionweb.com.ar\/?p=14052","title":{"rendered":"ATE anunci\u00f3 un paro para la semana pr\u00f3xima"},"content":{"rendered":"<p><em><strong>Ser\u00e1 el pr\u00f3ximo 3 de abril, luego de los anuncios del Presidente por m\u00e1s despidos en la administraci\u00f3n p\u00fablica.<\/strong><\/em><!--more--><\/p>\n<div id=\"attachment_14053\" style=\"width: 310px\" class=\"wp-caption alignright\"><img loading=\"lazy\" decoding=\"async\" aria-describedby=\"caption-attachment-14053\" class=\"wp-image-14053 size-medium\" src=\"https:\/\/www.visionweb.com.ar\/wp-content\/uploads\/2024\/03\/Milei-foro-300x235.png\" alt=\"\" width=\"300\" height=\"235\" srcset=\"https:\/\/www.visionweb.com.ar\/wp-content\/uploads\/2024\/03\/Milei-foro-300x235.png 300w, https:\/\/www.visionweb.com.ar\/wp-content\/uploads\/2024\/03\/Milei-foro.png 526w\" sizes=\"auto, (max-width: 300px) 100vw, 300px\" \/><p id=\"caption-attachment-14053\" class=\"wp-caption-text\">Milei en el Foro<\/p><\/div>\n<p><strong>\u00a0 L<\/strong>a <strong>Asociaci\u00f3n de Trabajadores del Estado (ATE)<\/strong> realizar\u00e1 un paro la semana pr\u00f3xima, como <strong>respuesta al anuncio del presidente Javier Milei sobre 70.000 despidos<\/strong> en la administraci\u00f3n p\u00fablica.<\/p>\n<p>El Secretario General de ATE, Rodolfo Aguiar, anunci\u00f3\u00a0<strong>un paro general \u201ccon presencia masiva de los trabajadores en todas las dependencias p\u00fablicas del pa\u00eds\u201d para el pr\u00f3ximo 3 de abril.<\/strong><\/p>\n<p><strong>\u201cMire, presidente Javier Milei, no va a poder despedir 70.000 estatales como a usted le gustar\u00eda. Hoy se multiplicaron las protestas en todo el pa\u00eds y la conflictividad en el Estado va a seguir en aumento\u201d<\/strong>, dijo.<\/p>\n<p>\u201cCuando decimos que sus pol\u00edticas intentan destruir el Estado, en realidad lo que est\u00e1 pasando es que se est\u00e1 <strong>destruyendo el Estado de la gente<\/strong> y se est\u00e1 construyendo el Estado de los grandes grupos empresarios\u201d, dijo.<\/p>\n<p><img loading=\"lazy\" decoding=\"async\" class=\"size-medium wp-image-13653 alignleft\" src=\"https:\/\/www.visionweb.com.ar\/wp-content\/uploads\/2024\/02\/Paro-de-ATE-300x152.png\" alt=\"\" width=\"300\" height=\"152\" srcset=\"https:\/\/www.visionweb.com.ar\/wp-content\/uploads\/2024\/02\/Paro-de-ATE-300x152.png 300w, https:\/\/www.visionweb.com.ar\/wp-content\/uploads\/2024\/02\/Paro-de-ATE.png 575w\" sizes=\"auto, (max-width: 300px) 100vw, 300px\" \/>Tambi\u00e9n Aguiar adelant\u00f3:\u00a0<strong>\u201cHa llegado el momento de abrazar nuevas consignas, tal vez la de \u2018Democratizar el Estado para construir la Naci\u00f3n\u2019\u201d<\/strong>.<\/p>\n<p><strong>Qu\u00e9 dijo el presidente:<\/strong><\/p>\n<p>Milei se\u00f1al\u00f3 ayer que desde que asumi\u00f3 en la Casa Rosada, y para poder lograr el d\u00e9ficit cero que anunci\u00f3 en su campa\u00f1a, eliminaron \u201clas transferencias discrecionales a las provincias\u201d.<\/p>\n<p>\u201cTambi\u00e9n\u00a0<strong>echamos 50.000 empleados p\u00fablicos. No s\u00f3lo eso, sino que adem\u00e1s se dieron de baja contratos, f\u00edjense que ahora est\u00e1n cayendo m\u00e1s contratos y van a caer 70.000 contratos<\/strong>\u201d, apunt\u00f3.<\/p>\n<p><strong>Milei asegur\u00f3 que la Argentina vivi\u00f3 durante los \u00faltimos veinte a\u00f1os bajo un r\u00e9gimen populista salvaje que llev\u00f3 al pa\u00eds a una situaci\u00f3n \u201cmiserable\u201d, y asegur\u00f3 que en la tercera semana de marzo \u201cse fren\u00f3 la suba de precios\u201d.<\/strong><\/p>\n<p><strong>Adem\u00e1s, Milei destac\u00f3 la baja de la inflaci\u00f3n y consider\u00f3 que \u201cla verdadera inflaci\u00f3n de febrero fue del 7 por ciento, la estamos metiendo dentro de un d\u00edgito\u201d.<\/strong><\/p>\n<p>Al pronunciar el discurso de cierre del\u00a0<strong>Foro de Economistas Latinoamericanos\u00a0<\/strong>en un hotel c\u00e9ntrico, Milei record\u00f3 que su gobierno recibi\u00f3 de herencia un d\u00e9ficit financiero equivalente a 17 puntos del Producto Bruto.<\/p>\n<p>El jefe de Estado dijo, que junto a su hermana, la secretaria de la Presidencia, Karina Milei, <strong>\u00a0\u201cten\u00edamos claro que si gan\u00e1bamos era porque la gente estaba harta del populismo\u201d.<\/strong><\/p>\n<p>Ante expertos de distintos pa\u00edses, Milei exalt\u00f3 estar \u201corgulloso\u201d de haber dado de baja la obra p\u00fablica porque se trata de un \u201cfoco de corrupci\u00f3n\u201d. <strong>(VW)<\/strong><\/p>\n<p>&nbsp;<\/p>\n","protected":false},"excerpt":{"rendered":"<p>Ser\u00e1 el pr\u00f3ximo 3 de abril, luego de los anuncios del Presidente por m\u00e1s despidos en la administraci\u00f3n p\u00fablica.<\/p>\n","protected":false},"author":4,"featured_media":13653,"comment_status":"closed","ping_status":"closed","sticky":false,"template":"","format":"standard","meta":{"_monsterinsights_skip_tracking":false,"_monsterinsights_sitenote_active":false,"_monsterinsights_sitenote_note":"","_monsterinsights_sitenote_category":0,"footnotes":""},"categories":[4,5],"tags":[2719,5281,5880,5879,5396],"class_list":["post-14052","post","type-post","status-publish","format-standard","has-post-thumbnail","hentry","category-politica","category-sociedad","tag-ate","tag-despidos","tag-javiar-milei","tag-paro-3-de-abril","tag-rodolfo-aguiar"],"_links":{"self":[{"href":"https:\/\/www.visionweb.com.ar\/index.php?rest_route=\/wp\/v2\/posts\/14052","targetHints":{"allow":["GET"]}}],"collection":[{"href":"https:\/\/www.visionweb.com.ar\/index.php?rest_route=\/wp\/v2\/posts"}],"about":[{"href":"https:\/\/www.visionweb.com.ar\/index.php?rest_route=\/wp\/v2\/types\/post"}],"author":[{"embeddable":true,"href":"https:\/\/www.visionweb.com.ar\/index.php?rest_route=\/wp\/v2\/users\/4"}],"replies":[{"embeddable":true,"href":"https:\/\/www.visionweb.com.ar\/index.php?rest_route=%2Fwp%2Fv2%2Fcomments&post=14052"}],"version-history":[{"count":1,"href":"https:\/\/www.visionweb.com.ar\/index.php?rest_route=\/wp\/v2\/posts\/14052\/revisions"}],"predecessor-version":[{"id":14054,"href":"https:\/\/www.visionweb.com.ar\/index.php?rest_route=\/wp\/v2\/posts\/14052\/revisions\/14054"}],"wp:featuredmedia":[{"embeddable":true,"href":"https:\/\/www.visionweb.com.ar\/index.php?rest_route=\/wp\/v2\/media\/13653"}],"wp:attachment":[{"href":"https:\/\/www.visionweb.com.ar\/index.php?rest_route=%2Fwp%2Fv2%2Fmedia&parent=14052"}],"wp:term":[{"taxonomy":"category","embeddable":true,"href":"https:\/\/www.visionweb.com.ar\/index.php?rest_route=%2Fwp%2Fv2%2Fcategories&post=14052"},{"taxonomy":"post_tag","embeddable":true,"href":"https:\/\/www.visionweb.com.ar\/index.php?rest_route=%2Fwp%2Fv2%2Ftags&post=14052"}],"curies":[{"name":"wp","href":"https:\/\/api.w.org\/{rel}","templated":true}]}}