{"id":14048,"date":"2024-03-27T11:43:37","date_gmt":"2024-03-27T14:43:37","guid":{"rendered":"https:\/\/www.visionweb.com.ar\/?p=14048"},"modified":"2024-03-27T11:44:17","modified_gmt":"2024-03-27T14:44:17","slug":"clausauran-una-grasera-en-lanus","status":"publish","type":"post","link":"https:\/\/www.visionweb.com.ar\/?p=14048","title":{"rendered":"Clausauran una grasera en Lan\u00fas"},"content":{"rendered":"<p style=\"font-weight: 400;\"><em><strong>\u201cHace m\u00e1s de 50 a\u00f1os el establecimiento presenta denuncias por su alto impacto ambiental\u201d, dijo\u00a0Jul\u00edan \u00c1lvarez.<\/strong><\/em><!--more--><\/p>\n<p style=\"font-weight: 400;\"><strong><img loading=\"lazy\" decoding=\"async\" class=\"size-medium wp-image-14049 alignright\" src=\"https:\/\/www.visionweb.com.ar\/wp-content\/uploads\/2024\/03\/GRASERA-300x168.png\" alt=\"\" width=\"300\" height=\"168\" srcset=\"https:\/\/www.visionweb.com.ar\/wp-content\/uploads\/2024\/03\/GRASERA-300x168.png 300w, https:\/\/www.visionweb.com.ar\/wp-content\/uploads\/2024\/03\/GRASERA.png 640w\" sizes=\"auto, (max-width: 300px) 100vw, 300px\" \/>E<\/strong>l intendente de Lan\u00fas\u00a0<strong>Juli\u00e1n \u00c1lvarez<\/strong> acompa\u00f1\u00f3 una demanda hist\u00f3rica de los vecinos y vecinas de Valent\u00edn Alsina, con la clausura de la grasera MAPAR S.A, en un trabajo realizado por el municipio de Lan\u00fas en conjunto con <strong>ACUMAR<\/strong>\u00a0y el Ministerio de Ambiente de la Provincia de Buenos Aires.<\/p>\n<p style=\"font-weight: 400;\">Acumar (<a href=\"https:\/\/www.acumar.gob.ar\/\" data-saferedirecturl=\"https:\/\/www.google.com\/url?q=https:\/\/www.acumar.gob.ar\/&amp;source=gmail&amp;ust=1711636431902000&amp;usg=AOvVaw0tN7ZHutNYnK0YiWaeVCtC\">Autoridad de la Cuenca Matanza Riachuelo<\/a>) y el Ministerio de Ambiente de la provincia de Buenos Aires\u00a0clausuraron la empresa por no cumplimentar los requerimientos y normas sanitarias existentes.<\/p>\n<p style=\"font-weight: 400;\">El intendente Jul\u00edan \u00c1lvarez, en ese proceso asegur\u00f3 que: \u201c<strong>Hace m\u00e1s de 50 a\u00f1os el establecimiento presenta denuncias por su alto impacto ambiental<\/strong>, evidenciado por el vuelco de efluentes l\u00edquidos sin tratamiento al conducto pluvial y a la v\u00eda p\u00fablica, emisiones gaseosas de vapores y olores nauseabundos provocadas por acopio a cielo abierto\u201d, inform\u00f3 Prensa de Lan\u00fas.<\/p>\n<p style=\"font-weight: 400;\">La empresa, que opera desde 1966 en el distrito se dedica, seg\u00fan su propio sitio web oficial, a la \u201celaboraci\u00f3n de harinas de carne y hueso destinadas a la nutrici\u00f3n animal como tambi\u00e9n la producci\u00f3n de grasas l\u00edquidas para jaboner\u00edas, refiner\u00edas, biocombustibles y a la industria de alimentos para mascotas, priorizando objetivos de excelencia, calidad y productividad\u201d.<\/p>\n<p style=\"font-weight: 400;\">Sin embargo, los antecedentes de impacto ambiental generaron las denuncias constantes, y en ese sentido, los\u00a0\u00a0vecinos agrupados en la asamblea Campomar hab\u00edan solicitado a concejales, en 2022, que realizaran un pedido de informe sobre los olores nauseabundos.\u00a0<strong>(VW)<\/strong><\/p>\n","protected":false},"excerpt":{"rendered":"<p>\u201cHace m\u00e1s de 50 a\u00f1os el establecimiento presenta denuncias por su alto impacto ambiental\u201d, dijo\u00a0Jul\u00edan \u00c1lvarez.<\/p>\n","protected":false},"author":3,"featured_media":14049,"comment_status":"closed","ping_status":"closed","sticky":false,"template":"","format":"standard","meta":{"_monsterinsights_skip_tracking":false,"_monsterinsights_sitenote_active":false,"_monsterinsights_sitenote_note":"","_monsterinsights_sitenote_category":0,"footnotes":""},"categories":[8],"tags":[],"class_list":["post-14048","post","type-post","status-publish","format-standard","has-post-thumbnail","hentry","category-interes-general"],"_links":{"self":[{"href":"https:\/\/www.visionweb.com.ar\/index.php?rest_route=\/wp\/v2\/posts\/14048","targetHints":{"allow":["GET"]}}],"collection":[{"href":"https:\/\/www.visionweb.com.ar\/index.php?rest_route=\/wp\/v2\/posts"}],"about":[{"href":"https:\/\/www.visionweb.com.ar\/index.php?rest_route=\/wp\/v2\/types\/post"}],"author":[{"embeddable":true,"href":"https:\/\/www.visionweb.com.ar\/index.php?rest_route=\/wp\/v2\/users\/3"}],"replies":[{"embeddable":true,"href":"https:\/\/www.visionweb.com.ar\/index.php?rest_route=%2Fwp%2Fv2%2Fcomments&post=14048"}],"version-history":[{"count":1,"href":"https:\/\/www.visionweb.com.ar\/index.php?rest_route=\/wp\/v2\/posts\/14048\/revisions"}],"predecessor-version":[{"id":14050,"href":"https:\/\/www.visionweb.com.ar\/index.php?rest_route=\/wp\/v2\/posts\/14048\/revisions\/14050"}],"wp:featuredmedia":[{"embeddable":true,"href":"https:\/\/www.visionweb.com.ar\/index.php?rest_route=\/wp\/v2\/media\/14049"}],"wp:attachment":[{"href":"https:\/\/www.visionweb.com.ar\/index.php?rest_route=%2Fwp%2Fv2%2Fmedia&parent=14048"}],"wp:term":[{"taxonomy":"category","embeddable":true,"href":"https:\/\/www.visionweb.com.ar\/index.php?rest_route=%2Fwp%2Fv2%2Fcategories&post=14048"},{"taxonomy":"post_tag","embeddable":true,"href":"https:\/\/www.visionweb.com.ar\/index.php?rest_route=%2Fwp%2Fv2%2Ftags&post=14048"}],"curies":[{"name":"wp","href":"https:\/\/api.w.org\/{rel}","templated":true}]}}