{"id":14041,"date":"2024-03-27T10:57:12","date_gmt":"2024-03-27T13:57:12","guid":{"rendered":"https:\/\/www.visionweb.com.ar\/?p=14041"},"modified":"2024-03-27T10:59:23","modified_gmt":"2024-03-27T13:59:23","slug":"el-gobierno-confirmo-que-en-abril-aumenta-la-tarifa-de-gas","status":"publish","type":"post","link":"https:\/\/www.visionweb.com.ar\/?p=14041","title":{"rendered":"El gobierno confirmo que en abril aumenta la tarifa de gas"},"content":{"rendered":"<p><em><strong>La resoluci\u00f3n se firmar\u00e1 la semana pr\u00f3xima. Es por la quita de subsidios a hogares, industrias y comercios. Rondar\u00e1 el 300%.Impacto en la inflaci\u00f3n.<\/strong><\/em><!--more--><\/p>\n<div id=\"attachment_5853\" style=\"width: 310px\" class=\"wp-caption alignright\"><img loading=\"lazy\" decoding=\"async\" aria-describedby=\"caption-attachment-5853\" class=\"size-medium wp-image-5853\" src=\"https:\/\/www.visionweb.com.ar\/wp-content\/uploads\/2022\/05\/tarifas-gas-300x225.jpg\" alt=\"\" width=\"300\" height=\"225\" srcset=\"https:\/\/www.visionweb.com.ar\/wp-content\/uploads\/2022\/05\/tarifas-gas-300x225.jpg 300w, https:\/\/www.visionweb.com.ar\/wp-content\/uploads\/2022\/05\/tarifas-gas-768x576.jpg 768w, https:\/\/www.visionweb.com.ar\/wp-content\/uploads\/2022\/05\/tarifas-gas-320x240.jpg 320w, https:\/\/www.visionweb.com.ar\/wp-content\/uploads\/2022\/05\/tarifas-gas.jpg 1024w\" sizes=\"auto, (max-width: 300px) 100vw, 300px\" \/><p id=\"caption-attachment-5853\" class=\"wp-caption-text\"><em><strong>Los ajustes en el gas ipactar\u00e1 en el n\u00famero final de la inflaci\u00f3n (Archivo VW)<\/strong><\/em><\/p><\/div>\n<p><strong>El Gobierno nacional defini\u00f3 el incremento del gas desde abril<\/strong>, con la quita de subsidios al precio mayorista, lo que impactar\u00e1 en las facturas de hogares con altos ingresos, comercios e industrias.<\/p>\n<p>Este ajuste es parte del recorte de subsidios que aplica el gobierno\u00a0 para equilibrar las cuentas fiscales, y la suba en las facturas se sentir\u00e1 principalmente en el invierno, cuando se combinar\u00e1 el mayor consumo con los precios m\u00e1s altos de la energ\u00eda.<\/p>\n<p><strong>Se esperan aumentos de al menos 300%, aunque especialistas del sector estiman que ser\u00e1 mayor<\/strong>.<\/p>\n<p>La definici\u00f3n oficial llega con dos meses de retraso. La Secretar\u00eda de Energ\u00eda y el Ente Nacional Regulador del Gas (Enargas) ten\u00edan todo listo para aplicar los aumentos en febrero, pero el ministro de Econom\u00eda, Luis Caputo, baj\u00f3 la orden de esperar para intentar\u00a0anclar la inflaci\u00f3n\u00a0en niveles m\u00e1s bajos.<\/p>\n<p>La Secretar\u00eda de Energ\u00eda aclar\u00f3 que los nuevos valores mayoristas se establecieron por la quita de subsidios e impactar\u00e1 en las boletas, porque el precio del gas es uno de los componentes de la tarifa final.<\/p>\n<p>A esto hay que agregarle los componentes de transporte y distribuci\u00f3n, por lo que el impacto final en las boletas ser\u00e1 a\u00fan mayor.<\/p>\n<p><strong>Tal como informaron oficialmente,\u00a0habr\u00e1 un aumento en el precio de la producci\u00f3n de gas, el cual representa un 36% de las tarifas final.\u00a0Hasta diciembre, los hogares pagaron un 17% del costo real del abastecimiento\u00a0(70 centavos de d\u00f3lar por mill\u00f3n de BTU sobre US$ 4,10)\u00a0<\/strong>mientras que las empresas pidieron subas mayores al 500% en sus m\u00e1rgenes.<\/p>\n<p><strong>Esta suba se har\u00e1 de forma \u201cescalonada\u201d durante los pr\u00f3ximos tres meses.<\/strong>\u00a0El ajuste tendr\u00e1 su primera actualizaci\u00f3n en abril; la segunda entre mayo y septiembre y la tercera desde octubre a diciembre.<\/p>\n<p class=\"wp-block-heading\"><strong>Transporte y distribuci\u00f3n<\/strong><\/p>\n<p>Pese a estos ajustes, faltaran los incrementos en la tarifa de gas, porque aun no se conoce el aumento en los servicios de transporte de gas y de distribuci\u00f3n, que tambi\u00e9n est\u00e1n incluidos en el precio final de las boletas.<\/p>\n<p>En la audiencia p\u00fablica, las empresas transportistas (TGN y TGS) pidieron recomponer sus ingresos con aumentos de 524%, mientras que las distribuidoras (Metrogas, Naturgy y Camuzzi, entre otras) solicitaron subas de 462%. <strong>(VW)<\/strong><\/p>\n","protected":false},"excerpt":{"rendered":"<p>La resoluci\u00f3n se firmar\u00e1 la semana pr\u00f3xima. Es por la quita de subsidios a hogares, industrias y comercios. Rondar\u00e1 el 300%.Impacto en la inflaci\u00f3n.<\/p>\n","protected":false},"author":3,"featured_media":5853,"comment_status":"closed","ping_status":"closed","sticky":false,"template":"","format":"standard","meta":{"_monsterinsights_skip_tracking":false,"_monsterinsights_sitenote_active":false,"_monsterinsights_sitenote_note":"","_monsterinsights_sitenote_category":0,"footnotes":""},"categories":[3,8],"tags":[5317,1826,871,564],"class_list":["post-14041","post","type-post","status-publish","format-standard","has-post-thumbnail","hentry","category-actualidad","category-interes-general","tag-eliminacion","tag-gas","tag-subsidios","tag-tarifas"],"_links":{"self":[{"href":"https:\/\/www.visionweb.com.ar\/index.php?rest_route=\/wp\/v2\/posts\/14041","targetHints":{"allow":["GET"]}}],"collection":[{"href":"https:\/\/www.visionweb.com.ar\/index.php?rest_route=\/wp\/v2\/posts"}],"about":[{"href":"https:\/\/www.visionweb.com.ar\/index.php?rest_route=\/wp\/v2\/types\/post"}],"author":[{"embeddable":true,"href":"https:\/\/www.visionweb.com.ar\/index.php?rest_route=\/wp\/v2\/users\/3"}],"replies":[{"embeddable":true,"href":"https:\/\/www.visionweb.com.ar\/index.php?rest_route=%2Fwp%2Fv2%2Fcomments&post=14041"}],"version-history":[{"count":4,"href":"https:\/\/www.visionweb.com.ar\/index.php?rest_route=\/wp\/v2\/posts\/14041\/revisions"}],"predecessor-version":[{"id":14045,"href":"https:\/\/www.visionweb.com.ar\/index.php?rest_route=\/wp\/v2\/posts\/14041\/revisions\/14045"}],"wp:featuredmedia":[{"embeddable":true,"href":"https:\/\/www.visionweb.com.ar\/index.php?rest_route=\/wp\/v2\/media\/5853"}],"wp:attachment":[{"href":"https:\/\/www.visionweb.com.ar\/index.php?rest_route=%2Fwp%2Fv2%2Fmedia&parent=14041"}],"wp:term":[{"taxonomy":"category","embeddable":true,"href":"https:\/\/www.visionweb.com.ar\/index.php?rest_route=%2Fwp%2Fv2%2Fcategories&post=14041"},{"taxonomy":"post_tag","embeddable":true,"href":"https:\/\/www.visionweb.com.ar\/index.php?rest_route=%2Fwp%2Fv2%2Ftags&post=14041"}],"curies":[{"name":"wp","href":"https:\/\/api.w.org\/{rel}","templated":true}]}}