{"id":14039,"date":"2024-03-26T15:05:20","date_gmt":"2024-03-26T18:05:20","guid":{"rendered":"https:\/\/www.visionweb.com.ar\/?p=14039"},"modified":"2024-03-26T15:05:20","modified_gmt":"2024-03-26T18:05:20","slug":"anses-lomas-advierten-que-llegaron-mas-de-1-300-telegramas-de-despido","status":"publish","type":"post","link":"https:\/\/www.visionweb.com.ar\/?p=14039","title":{"rendered":"Anses Lomas: Advierten que llegaron m\u00e1s de 1.300 telegramas de despido"},"content":{"rendered":"<p>Seg\u00fan ATE sur no hay atenci\u00f3n las sedes de ANSES de Turdera, Banfield, VIlla Albertina y\u00a0 Vlla Fiorito.<!--more--><\/p>\n<p><img loading=\"lazy\" decoding=\"async\" class=\"size-full wp-image-1194 alignright\" src=\"https:\/\/www.visionweb.com.ar\/wp-content\/uploads\/2021\/03\/Anses.bmp\" alt=\"\" width=\"495\" height=\"214\" \/>La <strong>Asociaci\u00f3n de Trabajadores del Estado (ATE) Sur<\/strong> precis\u00f3 que el viernes llegaron m\u00e1s de 1.300 telegramas de despido a trabajadores de la Anses (Administraci\u00f3n Nacional de la Seguridad Social).<\/p>\n<p>Los despidos se aplicaron en las distintas oficinas del UDAI, como el caso de Turdera, Banfield, Villa Albertina y Villa Fiorito. \u201cNo hay atenci\u00f3n en ninguna de estas\u201d, se\u00f1alaron.<\/p>\n<p>En la UDAI de Fiorito, inaugurada en noviembre de 2022, son 13 los trabajadores despedidos. \u201cEsta situaci\u00f3n es cr\u00edtica ya que deja a una gran cantidad de vecinxs sin atenci\u00f3n y sin trabajo a casi la totalidad de los trabajadores de la oficina de Anses\u201d, remarcan desde ATE.<\/p>\n<p>Es por eso que este martes se iba a realizar una asamblea en Juan Domingo Per\u00f3n 5490 de Villa Fiorito para resistir el cierre de la sede<strong>(VW)<\/strong>.<\/p>\n<p>&nbsp;<\/p>\n","protected":false},"excerpt":{"rendered":"<p>Seg\u00fan ATE sur no hay atenci\u00f3n las sedes de ANSES de Turdera, Banfield, VIlla Albertina y\u00a0 Vlla Fiorito.<\/p>\n","protected":false},"author":3,"featured_media":11164,"comment_status":"closed","ping_status":"closed","sticky":false,"template":"","format":"standard","meta":{"_monsterinsights_skip_tracking":false,"_monsterinsights_sitenote_active":false,"_monsterinsights_sitenote_note":"","_monsterinsights_sitenote_category":0,"footnotes":""},"categories":[8],"tags":[300,2719,5281,1247],"class_list":["post-14039","post","type-post","status-publish","format-standard","has-post-thumbnail","hentry","category-interes-general","tag-anses","tag-ate","tag-despidos","tag-trabajadores"],"_links":{"self":[{"href":"https:\/\/www.visionweb.com.ar\/index.php?rest_route=\/wp\/v2\/posts\/14039","targetHints":{"allow":["GET"]}}],"collection":[{"href":"https:\/\/www.visionweb.com.ar\/index.php?rest_route=\/wp\/v2\/posts"}],"about":[{"href":"https:\/\/www.visionweb.com.ar\/index.php?rest_route=\/wp\/v2\/types\/post"}],"author":[{"embeddable":true,"href":"https:\/\/www.visionweb.com.ar\/index.php?rest_route=\/wp\/v2\/users\/3"}],"replies":[{"embeddable":true,"href":"https:\/\/www.visionweb.com.ar\/index.php?rest_route=%2Fwp%2Fv2%2Fcomments&post=14039"}],"version-history":[{"count":1,"href":"https:\/\/www.visionweb.com.ar\/index.php?rest_route=\/wp\/v2\/posts\/14039\/revisions"}],"predecessor-version":[{"id":14040,"href":"https:\/\/www.visionweb.com.ar\/index.php?rest_route=\/wp\/v2\/posts\/14039\/revisions\/14040"}],"wp:featuredmedia":[{"embeddable":true,"href":"https:\/\/www.visionweb.com.ar\/index.php?rest_route=\/wp\/v2\/media\/11164"}],"wp:attachment":[{"href":"https:\/\/www.visionweb.com.ar\/index.php?rest_route=%2Fwp%2Fv2%2Fmedia&parent=14039"}],"wp:term":[{"taxonomy":"category","embeddable":true,"href":"https:\/\/www.visionweb.com.ar\/index.php?rest_route=%2Fwp%2Fv2%2Fcategories&post=14039"},{"taxonomy":"post_tag","embeddable":true,"href":"https:\/\/www.visionweb.com.ar\/index.php?rest_route=%2Fwp%2Fv2%2Ftags&post=14039"}],"curies":[{"name":"wp","href":"https:\/\/api.w.org\/{rel}","templated":true}]}}