{"id":14037,"date":"2024-03-26T09:33:14","date_gmt":"2024-03-26T12:33:14","guid":{"rendered":"https:\/\/www.visionweb.com.ar\/?p=14037"},"modified":"2024-03-26T09:33:14","modified_gmt":"2024-03-26T12:33:14","slug":"turismo-bonaerense-absoluta-preocupacion-en-la-previa-de-semana-santa","status":"publish","type":"post","link":"https:\/\/www.visionweb.com.ar\/?p=14037","title":{"rendered":"Turismo bonaerense: \u00abAbsoluta preocupaci\u00f3n\u00bb en la previa de Semana Santa"},"content":{"rendered":"<p><em><strong>El Consejo Provincial de Turismo de la provincia de Buenos Aires realiz\u00f3 una asamblea en un contexto de ajuste y recesi\u00f3n. Mediante un comunicado expresaron la preocupaci\u00f3n del sector.<\/strong><\/em><!--more--><\/p>\n<p><strong><img loading=\"lazy\" decoding=\"async\" class=\"size-medium wp-image-13493 alignright\" src=\"https:\/\/www.visionweb.com.ar\/wp-content\/uploads\/2024\/02\/MAR-DEL-PLATA-TURISMO-300x196.png\" alt=\"\" width=\"300\" height=\"196\" srcset=\"https:\/\/www.visionweb.com.ar\/wp-content\/uploads\/2024\/02\/MAR-DEL-PLATA-TURISMO-300x196.png 300w, https:\/\/www.visionweb.com.ar\/wp-content\/uploads\/2024\/02\/MAR-DEL-PLATA-TURISMO.png 448w\" sizes=\"auto, (max-width: 300px) 100vw, 300px\" \/>\u00a0\u00a0 E<\/strong>l ministro de Producci\u00f3n, Ciencia e Innovaci\u00f3n Tecnol\u00f3gica de la provincia de Buenos Aires,\u00a0<strong>Augusto Costa<\/strong>, encabez\u00f3 ayer en\u00a0La Plata<strong> la 26\u00b0 asamblea ordinaria del<\/strong>\u00a0<strong>Consejo Provincial de Turismo<\/strong> (COPROTUR), que cont\u00f3 con representantes de los siete polos de desarrollo tur\u00edstico bonaerense, de las\u00a0<strong>universidades<\/strong>\u00a0y del sector privado, donde concluyeron que existe una \u00ababsoluta preocupaci\u00f3n\u00bb del sector.<\/p>\n<p>A horas del fin de semana largo por Semana Santa, desde el sector emitieron un <strong>comunicado<\/strong> para dar cuenta de c\u00f3mo est\u00e1 la actividad desde que<strong>\u00a0Javier Milei<\/strong>\u00a0asumi\u00f3 la Presidencia de la Naci\u00f3n.<\/p>\n<p>\u00abLuego de la\u00a0<strong>pandemia<\/strong>, la cantidad de turistas en la provincia de Buenos Aires hab\u00eda aumentado a\u00f1o tras a\u00f1o. Esta temporada fue la excepci\u00f3n\u00bb, advirtieron.<\/p>\n<p>En datos,\u00a0<strong>la cantidad de personas que vacacionaron durante el verano que acaba de terminar, fue un 13,7 por ciento menor al a\u00f1o anterior<\/strong>.<\/p>\n<p>Desde el <strong>COPROTUR<\/strong> recordaron que<strong>\u00a0la provincia de Buenos Aires recibe a entre el 40 y el 45 por ciento del turismo interno del pa\u00eds<\/strong>. Adem\u00e1s,<strong>\u00a0hay una gran cantidad de municipios \u00abcon una fuerte dependencia del turismo\u00bb<\/strong>\u00a0tanto en materia de ingresos como de generaci\u00f3n de empleo.<\/p>\n<p>De ah\u00ed que consideren que debe haber \u00ab<strong>un contexto favorable de pol\u00edticas p\u00fablicas<\/strong>\u00bb <strong>que fomenten la actividad<\/strong>.<\/p>\n<p>Seg\u00fan el comunicado emitido,<strong>\u00a0la continuidad de esas pol\u00edticas \u00abseguir\u00e1 erosionando al poder adquisitivo y al consumo tur\u00edstico\u00bb<\/strong>. Ante esto, los referentes del sector pidieron \u00abun Estado que acompa\u00f1e, fomente y promueva pol\u00edticas p\u00fablicas\u00bb.<\/p>\n<p>\u00ab<strong>Hacemos un llamado urgente a las autoridades nacionales para que reflexionen acerca del lugar preponderante de la actividad tur\u00edstica y desarrollen pol\u00edticas consistentes con el crecimiento del sector<\/strong>\u00ab, consignaron los integrantes del COPROTUR. <strong>(VW)<\/strong><\/p>\n<p>&nbsp;<\/p>\n","protected":false},"excerpt":{"rendered":"<p>El Consejo Provincial de Turismo de la provincia de Buenos Aires realiz\u00f3 una asamblea en un contexto de ajuste y recesi\u00f3n. Mediante un comunicado expresaron la preocupaci\u00f3n del sector.<\/p>\n","protected":false},"author":4,"featured_media":13493,"comment_status":"closed","ping_status":"closed","sticky":false,"template":"","format":"standard","meta":{"_monsterinsights_skip_tracking":false,"_monsterinsights_sitenote_active":false,"_monsterinsights_sitenote_note":"","_monsterinsights_sitenote_category":0,"footnotes":""},"categories":[6,700],"tags":[5878,5877,5876],"class_list":["post-14037","post","type-post","status-publish","format-standard","has-post-thumbnail","hentry","category-economia","category-turismo","tag-coprotur","tag-semana-santa-augusto-costa","tag-turismo-bonaerense"],"_links":{"self":[{"href":"https:\/\/www.visionweb.com.ar\/index.php?rest_route=\/wp\/v2\/posts\/14037","targetHints":{"allow":["GET"]}}],"collection":[{"href":"https:\/\/www.visionweb.com.ar\/index.php?rest_route=\/wp\/v2\/posts"}],"about":[{"href":"https:\/\/www.visionweb.com.ar\/index.php?rest_route=\/wp\/v2\/types\/post"}],"author":[{"embeddable":true,"href":"https:\/\/www.visionweb.com.ar\/index.php?rest_route=\/wp\/v2\/users\/4"}],"replies":[{"embeddable":true,"href":"https:\/\/www.visionweb.com.ar\/index.php?rest_route=%2Fwp%2Fv2%2Fcomments&post=14037"}],"version-history":[{"count":1,"href":"https:\/\/www.visionweb.com.ar\/index.php?rest_route=\/wp\/v2\/posts\/14037\/revisions"}],"predecessor-version":[{"id":14038,"href":"https:\/\/www.visionweb.com.ar\/index.php?rest_route=\/wp\/v2\/posts\/14037\/revisions\/14038"}],"wp:featuredmedia":[{"embeddable":true,"href":"https:\/\/www.visionweb.com.ar\/index.php?rest_route=\/wp\/v2\/media\/13493"}],"wp:attachment":[{"href":"https:\/\/www.visionweb.com.ar\/index.php?rest_route=%2Fwp%2Fv2%2Fmedia&parent=14037"}],"wp:term":[{"taxonomy":"category","embeddable":true,"href":"https:\/\/www.visionweb.com.ar\/index.php?rest_route=%2Fwp%2Fv2%2Fcategories&post=14037"},{"taxonomy":"post_tag","embeddable":true,"href":"https:\/\/www.visionweb.com.ar\/index.php?rest_route=%2Fwp%2Fv2%2Ftags&post=14037"}],"curies":[{"name":"wp","href":"https:\/\/api.w.org\/{rel}","templated":true}]}}