{"id":14035,"date":"2024-03-26T09:01:55","date_gmt":"2024-03-26T12:01:55","guid":{"rendered":"https:\/\/www.visionweb.com.ar\/?p=14035"},"modified":"2024-03-26T09:01:55","modified_gmt":"2024-03-26T12:01:55","slug":"las-bibliotecas-bonaerenses-fueron-excluidas-del-programa-nacional-libro-y-no-podran-adquirir-libros-con-descuento","status":"publish","type":"post","link":"https:\/\/www.visionweb.com.ar\/?p=14035","title":{"rendered":"Las bibliotecas bonaerenses fueron excluidas del programa nacional Libro % \u00a0y no podr\u00e1n adquirir libros con descuento"},"content":{"rendered":"<p><strong><em>El Instituto Cultural de la Provincia denunci\u00f3 el hecho y detall\u00f3 el impacto negativo que traer\u00e1 la medida.<\/em><\/strong><!--more--><\/p>\n<p><strong>\u00a0 <img loading=\"lazy\" decoding=\"async\" class=\"size-medium wp-image-5731 alignright\" src=\"https:\/\/www.visionweb.com.ar\/wp-content\/uploads\/2022\/05\/bibliooteca-cervantina-300x133.png\" alt=\"\" width=\"300\" height=\"133\" srcset=\"https:\/\/www.visionweb.com.ar\/wp-content\/uploads\/2022\/05\/bibliooteca-cervantina-300x133.png 300w, https:\/\/www.visionweb.com.ar\/wp-content\/uploads\/2022\/05\/bibliooteca-cervantina-768x340.png 768w, https:\/\/www.visionweb.com.ar\/wp-content\/uploads\/2022\/05\/bibliooteca-cervantina.png 800w\" sizes=\"auto, (max-width: 300px) 100vw, 300px\" \/> P<\/strong>or decisi\u00f3n de la\u00a0<strong>Comisi\u00f3n Nacional de Bibliotecas Populares (CONABIP)<\/strong>, las bibliotecas populares de la provincia de Buenos Aires quedaron excluidas del programa <strong>Libro %<\/strong>, que consiste en un subsidio para la compra de libros de un 50%, por lo cual el\u00a0<strong>Instituto Cultural<\/strong>\u00a0bonaerense denunci\u00f3 el hecho, y alert\u00f3 sobre el impacto negativo que traer\u00e1 esta medida.<\/p>\n<p>De cara al comienzo de la pr\u00f3xima\u00a0<strong>Feria Internacional del Libro de Buenos Aires<\/strong>, las bibliotecas populares bonaerenses no podr\u00e1n acceder a esta pol\u00edtica federal que, una vez al a\u00f1o, les permite comprar libros con subsidio del 50%.<\/p>\n<p>Desde el Instituto Cultural bonaerense catalogaron a esta medida como \u00abpreocupante\u00bb y, a su vez, se suma a la disminuci\u00f3n de los fondos destinados a la subvenci\u00f3n de la compra de libros.<\/p>\n<p>Mediante un comunicado, se\u00f1alaron: \u201cDesde el Instituto Cultural de la Provincia de Buenos Aires, alertamos sobre el impacto negativo que genera la <strong>decisi\u00f3n de las nuevas autoridades de CONABIP de excluir masivamente a bibliotecas populares bonaerenses del programa Libro %<\/strong>, de cara al comienzo de la pr\u00f3xima Feria Internacional del Libro de Buenos Aires. Una medida preocupante que se suma a la ya disminuci\u00f3n de los fondos destinados a la subvenci\u00f3n de la compra de libros\u201d.<\/p>\n<p>Libro% se trata de una pol\u00edtica federal que, desde 2005, consiste en un subsidio para la compra de libros con descuento del 50%, lo que significa que, una vez por a\u00f1o, las bibliotecas populares de todo el pa\u00eds llevan nuevos libros, voces, narrativas e historias a sus comunidades.<\/p>\n<p>El programa est\u00e1 destinado a ampliar las decisiones aut\u00f3nomas de las bibliotecas y su v\u00ednculo con los intereses de su comunidad. Implica el di\u00e1logo con sus lectores y la apertura democr\u00e1tica a las decisiones colectivas. Fue implementado durante 19 a\u00f1os de modo ininterrumpido.<\/p>\n<p>\u201cEsta lamentable situaci\u00f3n depende completamente del criterio circunstancial de las autoridades de la Conabip. Las bibliotecas no fueron informadas previamente de los cambios en la inscripci\u00f3n al programa. Llamamos a la reconsideraci\u00f3n, por parte de CONABIP, de estos criterios, para permitir el necesario despliegue de la labor de las bibliotecas y la ampliaci\u00f3n de sus cat\u00e1logos\u201d, se\u00f1alaron desde la Provincia.<\/p>\n<p>\u201cEl esfuerzo de los miles de voluntarios que a lo largo y a lo ancho del pa\u00eds abren una oportunidad a la cultura, hasta en el rinc\u00f3n m\u00e1s alejado, deber\u00eda ser reconocido por el Estado, nunca castigado\u201d, finalizaron. <strong>(VW)<\/strong><\/p>\n","protected":false},"excerpt":{"rendered":"<p>El Instituto Cultural de la Provincia denunci\u00f3 el hecho y detall\u00f3 el impacto negativo que traer\u00e1 la medida.<\/p>\n","protected":false},"author":4,"featured_media":5731,"comment_status":"closed","ping_status":"closed","sticky":false,"template":"","format":"standard","meta":{"_monsterinsights_skip_tracking":false,"_monsterinsights_sitenote_active":false,"_monsterinsights_sitenote_note":"","_monsterinsights_sitenote_category":0,"footnotes":""},"categories":[8,4],"tags":[5874,5873,5875,239],"class_list":["post-14035","post","type-post","status-publish","format-standard","has-post-thumbnail","hentry","category-interes-general","category-politica","tag-bibliotecas-populares-de-la-provincia","tag-conabip","tag-instituto-cultural-bonaerense","tag-libro"],"_links":{"self":[{"href":"https:\/\/www.visionweb.com.ar\/index.php?rest_route=\/wp\/v2\/posts\/14035","targetHints":{"allow":["GET"]}}],"collection":[{"href":"https:\/\/www.visionweb.com.ar\/index.php?rest_route=\/wp\/v2\/posts"}],"about":[{"href":"https:\/\/www.visionweb.com.ar\/index.php?rest_route=\/wp\/v2\/types\/post"}],"author":[{"embeddable":true,"href":"https:\/\/www.visionweb.com.ar\/index.php?rest_route=\/wp\/v2\/users\/4"}],"replies":[{"embeddable":true,"href":"https:\/\/www.visionweb.com.ar\/index.php?rest_route=%2Fwp%2Fv2%2Fcomments&post=14035"}],"version-history":[{"count":1,"href":"https:\/\/www.visionweb.com.ar\/index.php?rest_route=\/wp\/v2\/posts\/14035\/revisions"}],"predecessor-version":[{"id":14036,"href":"https:\/\/www.visionweb.com.ar\/index.php?rest_route=\/wp\/v2\/posts\/14035\/revisions\/14036"}],"wp:featuredmedia":[{"embeddable":true,"href":"https:\/\/www.visionweb.com.ar\/index.php?rest_route=\/wp\/v2\/media\/5731"}],"wp:attachment":[{"href":"https:\/\/www.visionweb.com.ar\/index.php?rest_route=%2Fwp%2Fv2%2Fmedia&parent=14035"}],"wp:term":[{"taxonomy":"category","embeddable":true,"href":"https:\/\/www.visionweb.com.ar\/index.php?rest_route=%2Fwp%2Fv2%2Fcategories&post=14035"},{"taxonomy":"post_tag","embeddable":true,"href":"https:\/\/www.visionweb.com.ar\/index.php?rest_route=%2Fwp%2Fv2%2Ftags&post=14035"}],"curies":[{"name":"wp","href":"https:\/\/api.w.org\/{rel}","templated":true}]}}