{"id":14033,"date":"2024-03-26T07:16:33","date_gmt":"2024-03-26T10:16:33","guid":{"rendered":"https:\/\/www.visionweb.com.ar\/?p=14033"},"modified":"2024-03-26T07:16:33","modified_gmt":"2024-03-26T10:16:33","slug":"la-justicia-fallo-a-favor-del-municipio-de-lanus-en-su-denuncia-contra-edesur","status":"publish","type":"post","link":"https:\/\/www.visionweb.com.ar\/?p=14033","title":{"rendered":"La justicia fall\u00f3 a favor del municipio de Lan\u00fas en su denuncia contra Edesur"},"content":{"rendered":"<p><strong><em>La Justicia convoc\u00f3 a una reuni\u00f3n entre las partes, con un plazo m\u00e1ximo de 24 horas, para llevar a cabo \u201cun plan de normalizaci\u00f3n de la energ\u00eda el\u00e9ctrica a favor de la Municipalidad de Lan\u00fas.<\/em><\/strong><!--more--><\/p>\n<p><img loading=\"lazy\" decoding=\"async\" class=\"size-medium wp-image-9582 alignright\" src=\"https:\/\/www.visionweb.com.ar\/wp-content\/uploads\/2023\/02\/edesur-basta-de-cortes-300x218.jpg\" alt=\"\" width=\"300\" height=\"218\" srcset=\"https:\/\/www.visionweb.com.ar\/wp-content\/uploads\/2023\/02\/edesur-basta-de-cortes-300x218.jpg 300w, https:\/\/www.visionweb.com.ar\/wp-content\/uploads\/2023\/02\/edesur-basta-de-cortes.bmp 444w\" sizes=\"auto, (max-width: 300px) 100vw, 300px\" \/>En un fallo sin precedentes, tras la demanda presentada por el gobierno de Lan\u00fas, el Juzgado en lo Contencioso Administrativo N\u00ba1 de Lan\u00fas, este lunes,\u00a0 sentenci\u00f3 a \u201chacer lugar a la medida cautelar solicitada por la Municipalidad de Lan\u00fas, y ordenar a la firma Empresa Distribuidora Sur Sociedad An\u00f3nima (EDESUR S.A.) a garantizar la efectiva prestaci\u00f3n del servicio de energ\u00eda el\u00e9ctrica.<\/p>\n<p>De acuerdo con el fallo de la justicia, la compa\u00f1\u00eda Edesur,\u00a0 deber\u00e1 hacerlo \u00abpor s\u00ed o a trav\u00e9s de terceros, sea por medio de unidades m\u00f3viles de generaci\u00f3n de energ\u00eda el\u00e9ctrica o por las l\u00edneas regulares de provisi\u00f3n, a favor de la usuaria actora en esta causa\u201d, consign\u00f3 el fallo, de acuerdo a lo informado por la oficina de prensa de la Municipalidad de Lan\u00fas.<\/p>\n<p>Asimismo, la Justicia convoc\u00f3 a una reuni\u00f3n entre las partes, con un plazo m\u00e1ximo de 24 horas, para llevar a cabo \u201cun plan de normalizaci\u00f3n de la energ\u00eda el\u00e9ctrica a favor de la Municipalidad de Lan\u00fas como gran usuario, en todas las \u00e1reas afectadas\u201d.<\/p>\n<p>Cabe destacar que hasta que EDESUR no logre solucionar el conflicto deber\u00e1 proveer de generadores el\u00e9ctricos para paliar la situaci\u00f3n.<\/p>\n<p>Cabe destacar que el Consejo Deliberante local, en la Segunda Sesi\u00f3n Ordinaria, que se realiz\u00f3 la semana pasada, aval\u00f3 la denuncia presentada por el municipio de Lan\u00fas, por mayor\u00eda absoluta.<\/p>\n<p>Adjuntamos sentencia.<\/p>\n","protected":false},"excerpt":{"rendered":"<p>La Justicia convoc\u00f3 a una reuni\u00f3n entre las partes, con un plazo m\u00e1ximo de 24 horas, para llevar a cabo \u201cun plan de normalizaci\u00f3n de la energ\u00eda el\u00e9ctrica a favor de la Municipalidad de&#46;&#46;&#46;<\/p>\n","protected":false},"author":3,"featured_media":9582,"comment_status":"closed","ping_status":"closed","sticky":false,"template":"","format":"standard","meta":{"_monsterinsights_skip_tracking":false,"_monsterinsights_sitenote_active":false,"_monsterinsights_sitenote_note":"","_monsterinsights_sitenote_category":0,"footnotes":""},"categories":[3],"tags":[4078,277,342,276,2824],"class_list":["post-14033","post","type-post","status-publish","format-standard","has-post-thumbnail","hentry","category-actualidad","tag-consejo-deliberante","tag-cortes","tag-denuncia","tag-edesur","tag-municipio-de-lanus"],"_links":{"self":[{"href":"https:\/\/www.visionweb.com.ar\/index.php?rest_route=\/wp\/v2\/posts\/14033","targetHints":{"allow":["GET"]}}],"collection":[{"href":"https:\/\/www.visionweb.com.ar\/index.php?rest_route=\/wp\/v2\/posts"}],"about":[{"href":"https:\/\/www.visionweb.com.ar\/index.php?rest_route=\/wp\/v2\/types\/post"}],"author":[{"embeddable":true,"href":"https:\/\/www.visionweb.com.ar\/index.php?rest_route=\/wp\/v2\/users\/3"}],"replies":[{"embeddable":true,"href":"https:\/\/www.visionweb.com.ar\/index.php?rest_route=%2Fwp%2Fv2%2Fcomments&post=14033"}],"version-history":[{"count":1,"href":"https:\/\/www.visionweb.com.ar\/index.php?rest_route=\/wp\/v2\/posts\/14033\/revisions"}],"predecessor-version":[{"id":14034,"href":"https:\/\/www.visionweb.com.ar\/index.php?rest_route=\/wp\/v2\/posts\/14033\/revisions\/14034"}],"wp:featuredmedia":[{"embeddable":true,"href":"https:\/\/www.visionweb.com.ar\/index.php?rest_route=\/wp\/v2\/media\/9582"}],"wp:attachment":[{"href":"https:\/\/www.visionweb.com.ar\/index.php?rest_route=%2Fwp%2Fv2%2Fmedia&parent=14033"}],"wp:term":[{"taxonomy":"category","embeddable":true,"href":"https:\/\/www.visionweb.com.ar\/index.php?rest_route=%2Fwp%2Fv2%2Fcategories&post=14033"},{"taxonomy":"post_tag","embeddable":true,"href":"https:\/\/www.visionweb.com.ar\/index.php?rest_route=%2Fwp%2Fv2%2Ftags&post=14033"}],"curies":[{"name":"wp","href":"https:\/\/api.w.org\/{rel}","templated":true}]}}